{"id":144068,"date":"2026-01-15T08:03:02","date_gmt":"2026-01-15T14:03:02","guid":{"rendered":"https:\/\/diariodigitalmx.com\/?p=144068"},"modified":"2026-01-15T08:03:39","modified_gmt":"2026-01-15T14:03:39","slug":"el-metro-y-la-credibilidad","status":"publish","type":"post","link":"https:\/\/diariodigitalmx.com\/index.php\/2026\/01\/15\/el-metro-y-la-credibilidad\/","title":{"rendered":"El Metro y la credibilidad"},"content":{"rendered":"\n<p>Ra\u00fal Guajardo Cant\u00fa<\/p>\n\n\n\n<p>Uno de los bienes m\u00e1s preciados de los pol\u00edticos deber\u00eda ser el de la credibilidad, que la gente sepa que aquello que prometen lo cumplen, pero ahora que la pol\u00edtica parece un concurso para ver qui\u00e9n dice la mentira m\u00e1s grande, se pasa por alto esta virtud.<br>Recordamos c\u00f3mo en cuestiones de crecimiento econ\u00f3mico los pol\u00edticos prometen que ser\u00e1 hasta de seis por ciento anual, pero no ha habido tal. Por lo que respecta al \u00e1mbito local, durante la campa\u00f1a previa a su cuarto informe de gobierno, Samuel insisti\u00f3 en que las obras del Metro, por lo menos la fase que se utilizar\u00eda durante el Mundial de Futbol 2026, estar\u00eda \u201cen tiempo y forma\u201d.<br>Por nuestra parte, observando los avances que tiene la l\u00ednea correspondiente a ese recorrido, advertimos que se ve\u00eda dif\u00edcil que estuviera terminada para el momento en que iniciara la gesta futbol\u00edstica, incluso pronosticamos que seguramente se preparar\u00eda una l\u00ednea de camiones de los que se utilizan en el programa MuevoLe\u00f3n para que cubriera la ruta y seguramente as\u00ed ser\u00e1.<br>El secretario de Movilidad y encargado de las obras ya acept\u00f3 que la l\u00ednea del Metro en el momento en que inicie el Mundial, si acaso, se encontrar\u00e1 en periodo de pruebas, el cual, dijo tambi\u00e9n, puede durar meses.<br>Pero conociendo a Samuel, algo habr\u00e1 de inventar para justificar el retraso, quiz\u00e1 lo relacionado con el presupuesto que todav\u00eda se encuentra en su fase de negociaci\u00f3n cuando la ley nos dice que deber\u00eda estar aprobado y publicado antes del inicio del a\u00f1o en que ser\u00e1 ejercido.<br>La insistencia de Samuel en que el Metro estar\u00eda a tiempo para el mundial, puede repercutir en su credibilidad con respecto a otras declaraciones que tambi\u00e9n realiz\u00f3 en torno a su informe de gobierno, declaraciones que insisten en que Nuevo Le\u00f3n es primer lugar en todo, una lista de primeros lugares, algunos de los cuales son, por decir lo menos, verdades a medias y no necesariamente con base en datos duros.<br>Por ejemplo, si bien el INEGI ha se\u00f1alado que Fuerza Civil es la polic\u00eda mejor evaluada en el pa\u00eds, habr\u00eda que se\u00f1alar que los datos se refieren a una encuesta de percepci\u00f3n, en la cual no se eval\u00faan aspectos espec\u00edficos del accionar de este cuerpo policiaco.<br>Ni qu\u00e9 decir de los dichos de Samuel seg\u00fan los cuales el agua de la presa El Cuchillo no ser\u00edan utilizados para el pago de la deuda de agua que tiene el pa\u00eds con nuestro vecino del norte, el gobernador insisti\u00f3 que la presa no forma parte de la cuenca del Bravo.<br>La realidad es que m\u00e1s del 10 por ciento del agua almacenada en ese embalse fue a parar al pago de la deuda, m\u00e1s o menos el equivalente a 4 meses de consumo de agua del \u00e1rea metropolitana de Monterrey, esto despu\u00e9s de la crisis que tuvimos hace tres a\u00f1os es muy grave.<br>Lo peor de todo es que la presidenta Sheinbaum exhibi\u00f3 al gobernador al se\u00f1alar que \u00e9l dio su aval para que se fuera el agua, contrario a lo sostenido por Samuel.<br>Credibilidad, parece que no hay, ni en tiempo, ni en forma, tampoco Metro.<\/p>\n","protected":false},"excerpt":{"rendered":"<p>Ra\u00fal Guajardo Cant\u00fa Uno de los bienes m\u00e1s preciados de los pol\u00edticos deber\u00eda ser el de la credibilidad, que la gente sepa que aquello que prometen lo cumplen, pero ahora que la pol\u00edtica parece un concurso para ver qui\u00e9n dice la mentira m\u00e1s grande, se pasa por alto esta virtud.Recordamos c\u00f3mo en cuestiones de crecimiento [&hellip;]<\/p>\n","protected":false},"author":1,"featured_media":143657,"comment_status":"open","ping_status":"open","sticky":false,"template":"","format":"standard","meta":{"footnotes":""},"categories":[12],"tags":[],"_links":{"self":[{"href":"https:\/\/diariodigitalmx.com\/index.php\/wp-json\/wp\/v2\/posts\/144068"}],"collection":[{"href":"https:\/\/diariodigitalmx.com\/index.php\/wp-json\/wp\/v2\/posts"}],"about":[{"href":"https:\/\/diariodigitalmx.com\/index.php\/wp-json\/wp\/v2\/types\/post"}],"author":[{"embeddable":true,"href":"https:\/\/diariodigitalmx.com\/index.php\/wp-json\/wp\/v2\/users\/1"}],"replies":[{"embeddable":true,"href":"https:\/\/diariodigitalmx.com\/index.php\/wp-json\/wp\/v2\/comments?post=144068"}],"version-history":[{"count":1,"href":"https:\/\/diariodigitalmx.com\/index.php\/wp-json\/wp\/v2\/posts\/144068\/revisions"}],"predecessor-version":[{"id":144069,"href":"https:\/\/diariodigitalmx.com\/index.php\/wp-json\/wp\/v2\/posts\/144068\/revisions\/144069"}],"wp:featuredmedia":[{"embeddable":true,"href":"https:\/\/diariodigitalmx.com\/index.php\/wp-json\/wp\/v2\/media\/143657"}],"wp:attachment":[{"href":"https:\/\/diariodigitalmx.com\/index.php\/wp-json\/wp\/v2\/media?parent=144068"}],"wp:term":[{"taxonomy":"category","embeddable":true,"href":"https:\/\/diariodigitalmx.com\/index.php\/wp-json\/wp\/v2\/categories?post=144068"},{"taxonomy":"post_tag","embeddable":true,"href":"https:\/\/diariodigitalmx.com\/index.php\/wp-json\/wp\/v2\/tags?post=144068"}],"curies":[{"name":"wp","href":"https:\/\/api.w.org\/{rel}","templated":true}]}}