{"id":145529,"date":"2026-03-04T19:13:56","date_gmt":"2026-03-05T01:13:56","guid":{"rendered":"https:\/\/diariodigitalmx.com\/?p=145529"},"modified":"2026-03-04T19:17:13","modified_gmt":"2026-03-05T01:17:13","slug":"fortalecen-reconstruccion-del-tejido-social-para-impulsar-comunidades-de-paz","status":"publish","type":"post","link":"https:\/\/diariodigitalmx.com\/index.php\/2026\/03\/04\/fortalecen-reconstruccion-del-tejido-social-para-impulsar-comunidades-de-paz\/","title":{"rendered":"Fortalecen reconstrucci\u00f3n del tejido social para impulsar comunidades de paz"},"content":{"rendered":"\n<figure class=\"wp-block-image size-large\"><img loading=\"lazy\" decoding=\"async\" width=\"1024\" height=\"681\" src=\"https:\/\/diariodigitalmx.com\/wp-content\/uploads\/2026\/03\/234590-1024x681.jpg\" alt=\"\" class=\"wp-image-145532\" srcset=\"https:\/\/diariodigitalmx.com\/wp-content\/uploads\/2026\/03\/234590-1024x681.jpg 1024w, https:\/\/diariodigitalmx.com\/wp-content\/uploads\/2026\/03\/234590-300x199.jpg 300w, https:\/\/diariodigitalmx.com\/wp-content\/uploads\/2026\/03\/234590-768x511.jpg 768w, https:\/\/diariodigitalmx.com\/wp-content\/uploads\/2026\/03\/234590.jpg 1280w\" sizes=\"(max-width: 1024px) 100vw, 1024px\" \/><\/figure>\n\n\n\n<p>Con el objetivo de consolidar entornos seguros desde la prevenci\u00f3n y la participaci\u00f3n ciudadana, el Municipio de Escobedo reforzar\u00e1 su estrategia de reconstrucci\u00f3n del tejido social para promover la sana convivencia y la resoluci\u00f3n integral de conflictos.<br>La reuni\u00f3n fue encabezada por el Alcalde Andr\u00e9s Mijes, acompa\u00f1ado por Jorge Atilano Gonz\u00e1lez, Director Ejecutivo del Di\u00e1logo Nacional por la Paz, y Hugo Camacho, Director de TELAR A.C.<br>Durante la sesi\u00f3n realizada en las instalaciones de la Secretar\u00eda de Seguridad Ciudadana se analiz\u00f3 c\u00f3mo la reconstrucci\u00f3n del tejido social puede convertirse en un pilar para fortalecer la seguridad p\u00fablica, mediante acciones que mejoren la convivencia vecinal, familiar y escolar, y permitan atender conflictos de forma oportuna antes de que escalen.<br>En el marco de este di\u00e1logo, Jorge Atilano Gonz\u00e1lez present\u00f3 por primera vez el proyecto Espacios Seguros para el Buen Convivir, propuesta que vincula la Reconstrucci\u00f3n del Tejido Social, Proxpol y la Justicia C\u00edvica para fomentar una cultura de mediaci\u00f3n y soluci\u00f3n pac\u00edfica de controversias.<\/p>\n\n\n\n<figure class=\"wp-block-image size-large\"><img loading=\"lazy\" decoding=\"async\" width=\"1024\" height=\"681\" src=\"https:\/\/diariodigitalmx.com\/wp-content\/uploads\/2026\/03\/234588-1024x681.jpg\" alt=\"\" class=\"wp-image-145533\" srcset=\"https:\/\/diariodigitalmx.com\/wp-content\/uploads\/2026\/03\/234588-1024x681.jpg 1024w, https:\/\/diariodigitalmx.com\/wp-content\/uploads\/2026\/03\/234588-300x199.jpg 300w, https:\/\/diariodigitalmx.com\/wp-content\/uploads\/2026\/03\/234588-768x511.jpg 768w, https:\/\/diariodigitalmx.com\/wp-content\/uploads\/2026\/03\/234588.jpg 1280w\" sizes=\"(max-width: 1024px) 100vw, 1024px\" \/><\/figure>\n\n\n\n<p>Se expuso adem\u00e1s la experiencia que se desarrolla en Escobedo a trav\u00e9s del modelo de la 4T Norte\u00f1a, inspirado en el esquema de Crecimiento con Justicia Social promovido por la Presidenta Claudia Sheinbaum.<br>Dicho enfoque, explicado por las autoridades presentes forma parte de la premisa de que la seguridad se construye no solo con acciones operativas, sino fortaleciendo comunidad, confianza y corresponsabilidad.<\/p>\n\n\n\n<p>Asimismo, se presentaron las acciones implementadas para frenar el escalamiento de la violencia y los mecanismos de Justicia C\u00edvica que han posicionado al municipio como referente nacional en la atenci\u00f3n \u00e1gil y restaurativa de conflictos.<br>Entre los compromisos acordados destaca el fortalecimiento de la figura del Constructor de Paz, para que vecinos participen activamente en la mediaci\u00f3n comunitaria y act\u00faen como enlace preventivo ante situaciones de riesgo, colocando el di\u00e1logo como eje central para consolidar comunidades m\u00e1s seguras.<\/p>\n","protected":false},"excerpt":{"rendered":"<p>Con el objetivo de consolidar entornos seguros desde la prevenci\u00f3n y la participaci\u00f3n ciudadana, el Municipio de Escobedo reforzar\u00e1 su estrategia de reconstrucci\u00f3n del tejido social para promover la sana convivencia y la resoluci\u00f3n integral de conflictos.La reuni\u00f3n fue encabezada por el Alcalde Andr\u00e9s Mijes, acompa\u00f1ado por Jorge Atilano Gonz\u00e1lez, Director Ejecutivo del Di\u00e1logo Nacional [&hellip;]<\/p>\n","protected":false},"author":1,"featured_media":145531,"comment_status":"open","ping_status":"open","sticky":true,"template":"","format":"standard","meta":{"footnotes":""},"categories":[14,6],"tags":[],"_links":{"self":[{"href":"https:\/\/diariodigitalmx.com\/index.php\/wp-json\/wp\/v2\/posts\/145529"}],"collection":[{"href":"https:\/\/diariodigitalmx.com\/index.php\/wp-json\/wp\/v2\/posts"}],"about":[{"href":"https:\/\/diariodigitalmx.com\/index.php\/wp-json\/wp\/v2\/types\/post"}],"author":[{"embeddable":true,"href":"https:\/\/diariodigitalmx.com\/index.php\/wp-json\/wp\/v2\/users\/1"}],"replies":[{"embeddable":true,"href":"https:\/\/diariodigitalmx.com\/index.php\/wp-json\/wp\/v2\/comments?post=145529"}],"version-history":[{"count":2,"href":"https:\/\/diariodigitalmx.com\/index.php\/wp-json\/wp\/v2\/posts\/145529\/revisions"}],"predecessor-version":[{"id":145535,"href":"https:\/\/diariodigitalmx.com\/index.php\/wp-json\/wp\/v2\/posts\/145529\/revisions\/145535"}],"wp:featuredmedia":[{"embeddable":true,"href":"https:\/\/diariodigitalmx.com\/index.php\/wp-json\/wp\/v2\/media\/145531"}],"wp:attachment":[{"href":"https:\/\/diariodigitalmx.com\/index.php\/wp-json\/wp\/v2\/media?parent=145529"}],"wp:term":[{"taxonomy":"category","embeddable":true,"href":"https:\/\/diariodigitalmx.com\/index.php\/wp-json\/wp\/v2\/categories?post=145529"},{"taxonomy":"post_tag","embeddable":true,"href":"https:\/\/diariodigitalmx.com\/index.php\/wp-json\/wp\/v2\/tags?post=145529"}],"curies":[{"name":"wp","href":"https:\/\/api.w.org\/{rel}","templated":true}]}}