{"id":145553,"date":"2026-03-04T19:30:47","date_gmt":"2026-03-05T01:30:47","guid":{"rendered":"https:\/\/diariodigitalmx.com\/?p=145553"},"modified":"2026-03-04T19:31:33","modified_gmt":"2026-03-05T01:31:33","slug":"el-caso-karina-y-waldo-una-lectura-politica","status":"publish","type":"post","link":"https:\/\/diariodigitalmx.com\/index.php\/2026\/03\/04\/el-caso-karina-y-waldo-una-lectura-politica\/","title":{"rendered":"El caso Karina y Waldo: una lectura pol\u00edtica"},"content":{"rendered":"\n<p>Eleazar Fuentes Guti\u00e9rrez<\/p>\n\n\n\n<p>En pol\u00edtica es como un tablero de ajedrez, ning\u00fan movimiento es sin pensar. La forma es fondo, como dicen. Es muy com\u00fan que en \u00e9poca de elecciones veamos un sinf\u00edn de golpeteos, grilla y guerra sucia.<\/p>\n\n\n\n<p>Hoy este an\u00e1lisis no es abordar qui\u00e9n tiene la raz\u00f3n en el caso de Karina Barr\u00f3n y el senador Waldo Fern\u00e1ndez. No va por ah\u00ed. Esta opini\u00f3n anal\u00edtica est\u00e1 enfocada desde qu\u00e9 implicaciones tiene en lo pol\u00edtico y a qui\u00e9n beneficia. Le daremos esa lectura pol\u00edtica.<\/p>\n\n\n\n<p>En primer lugar, el senador Waldo es una de las cartas m\u00e1s fuertes de Morena para la gubernatura del 2027 en Nuevo Le\u00f3n, as\u00ed que ya no todos los movimientos son en falso.<\/p>\n\n\n\n<p>En 2024, Karina y Waldo fueron parte de la elecci\u00f3n al Senado por Nuevo Le\u00f3n. Dentro de esa elecci\u00f3n se le acus\u00f3 de algunos temas al actual senador. Waldo, hasta estas fechas, con pruebas abri\u00f3 una investigaci\u00f3n y se le imput\u00f3 a Karina de falsas acusaciones. Esto es solo el contexto.<\/p>\n\n\n\n<p>El punto es que esto nos demuestra que dej\u00f3 secuelas la elecci\u00f3n al Senado, ya que fue una batalla muy, pero muy cerrada.<\/p>\n\n\n\n<p>Ahora, \u00bfqu\u00e9 pasa d\u00e1ndole lectura preelectoral? Todo esto golpea al gobierno de Monterrey encabezado por el priista Adri\u00e1n de la Garza, otro posible candidato al gobierno de Nuevo Le\u00f3n y probablemente contrincante de Waldo Fern\u00e1ndez.<\/p>\n\n\n\n<p>\u00bfPor qu\u00e9 le pega al alcalde de Monterrey? Porque Karina es secretaria en Monterrey.<\/p>\n\n\n\n<p>Otro punto a analizar es que, aunque el tema es judicial, Morena gana narrativa pol\u00edtica, dando el mensaje indirectamente de que combaten injusticias. Waldo limpia y aclara su situaci\u00f3n, algo muy importante si quiere ser candidato, ya que en campa\u00f1a todo revive.<\/p>\n\n\n\n<p>Es un tema que est\u00e1 cerrando a su favor y que, d\u00e1ndole una lectura de juego pol\u00edtico, resulta muy interesante.<\/p>\n\n\n\n<p>Ya todo empieza a tornarse rumbo al 2027.<\/p>\n\n\n\n<p>En pol\u00edtica no existen las coincidencias.<\/p>\n","protected":false},"excerpt":{"rendered":"<p>Eleazar Fuentes Guti\u00e9rrez En pol\u00edtica es como un tablero de ajedrez, ning\u00fan movimiento es sin pensar. La forma es fondo, como dicen. Es muy com\u00fan que en \u00e9poca de elecciones veamos un sinf\u00edn de golpeteos, grilla y guerra sucia. Hoy este an\u00e1lisis no es abordar qui\u00e9n tiene la raz\u00f3n en el caso de Karina Barr\u00f3n [&hellip;]<\/p>\n","protected":false},"author":1,"featured_media":145555,"comment_status":"open","ping_status":"open","sticky":true,"template":"","format":"standard","meta":{"footnotes":""},"categories":[12],"tags":[],"_links":{"self":[{"href":"https:\/\/diariodigitalmx.com\/index.php\/wp-json\/wp\/v2\/posts\/145553"}],"collection":[{"href":"https:\/\/diariodigitalmx.com\/index.php\/wp-json\/wp\/v2\/posts"}],"about":[{"href":"https:\/\/diariodigitalmx.com\/index.php\/wp-json\/wp\/v2\/types\/post"}],"author":[{"embeddable":true,"href":"https:\/\/diariodigitalmx.com\/index.php\/wp-json\/wp\/v2\/users\/1"}],"replies":[{"embeddable":true,"href":"https:\/\/diariodigitalmx.com\/index.php\/wp-json\/wp\/v2\/comments?post=145553"}],"version-history":[{"count":1,"href":"https:\/\/diariodigitalmx.com\/index.php\/wp-json\/wp\/v2\/posts\/145553\/revisions"}],"predecessor-version":[{"id":145554,"href":"https:\/\/diariodigitalmx.com\/index.php\/wp-json\/wp\/v2\/posts\/145553\/revisions\/145554"}],"wp:featuredmedia":[{"embeddable":true,"href":"https:\/\/diariodigitalmx.com\/index.php\/wp-json\/wp\/v2\/media\/145555"}],"wp:attachment":[{"href":"https:\/\/diariodigitalmx.com\/index.php\/wp-json\/wp\/v2\/media?parent=145553"}],"wp:term":[{"taxonomy":"category","embeddable":true,"href":"https:\/\/diariodigitalmx.com\/index.php\/wp-json\/wp\/v2\/categories?post=145553"},{"taxonomy":"post_tag","embeddable":true,"href":"https:\/\/diariodigitalmx.com\/index.php\/wp-json\/wp\/v2\/tags?post=145553"}],"curies":[{"name":"wp","href":"https:\/\/api.w.org\/{rel}","templated":true}]}}