{"id":145568,"date":"2026-03-04T23:55:28","date_gmt":"2026-03-05T05:55:28","guid":{"rendered":"https:\/\/diariodigitalmx.com\/?p=145568"},"modified":"2026-03-04T23:56:19","modified_gmt":"2026-03-05T05:56:19","slug":"no-a-la-violencia-si-al-respeto-y-la-paz","status":"publish","type":"post","link":"https:\/\/diariodigitalmx.com\/index.php\/2026\/03\/04\/no-a-la-violencia-si-al-respeto-y-la-paz\/","title":{"rendered":"No a la Violencia, Si al respeto y la Paz"},"content":{"rendered":"\n<p>Luz Mar\u00eda Ortiz Quintos <\/p>\n\n\n\n<p>En el marco del D\u00eda Internacional de la Mujer, el 8 de marzo se conmemora una jornada global de lucha y reflexi\u00f3n sobre la igualdad de g\u00e9nero, los derechos de las mujeres y la erradicaci\u00f3n de la violencia. No es un d\u00eda de celebraci\u00f3n, sino de conmemoraci\u00f3n de la lucha por la justicia social y el empoderamiento. Aunque a menudo est\u00e1 asociado al incendio de la f\u00e1brica Triangle Shirtwaist en 1911 o a huelgas previas en Nueva York (1908), la fecha se consolid\u00f3 por la lucha de mujeres obreras y movimientos sufragistas a principios del siglo XX, impulsado posteriormente por la ONU.<\/p>\n\n\n\n<p>Actualmente a\u00fan falta mucho trabajo por consolidar esta lucha social; si analizamos cada eje, podremos reconocer que seguimos rezagados en igualdad. Ser mujer en muchos ambientes sigue siendo un motivo para no ser vista como una persona con capacidad, experiencia, preparaci\u00f3n y conocimientos para competir en un mundo laboral con equidad de oportunidades y remuneraciones econ\u00f3micas; de igual manera, en el \u00e1mbito social y pol\u00edtico, las decisiones son tomadas por hombres, quienes en muchas ocasiones montan escenarios de liderazgo femenino dirigidos por ellos.<\/p>\n\n\n\n<p>Ser mujer fuerte, con criterio propio, con seguridad en s\u00ed misma, con principios \u00e9ticos y valores, es una amenaza.<\/p>\n\n\n\n<p>En el \u00e1mbito de los derechos, a pesar de algunos avances, seguimos estando rezagadas.<\/p>\n\n\n\n<p>El ser madre de familia sigue siendo un factor en contra para ser considerada en posiciones de liderazgo y responsabilidad.<br>Y por \u00faltimo, el m\u00e1s importante a mi consideraci\u00f3n: la erradicaci\u00f3n de la violencia.<\/p>\n\n\n\n<p>La naturaleza humana es muy sabia; sin embargo, encontramos en muchos ambientes la falta de orden, respeto y educaci\u00f3n.<\/p>\n\n\n\n<p>Para erradicar la violencia en contra de la mujer o del hombre es conveniente desaprender y aprender.<br>El verdadero cambio est\u00e1 en la educaci\u00f3n; se requiere estar dispuestos a reconocer que, as\u00ed como el mundo es cambiante en lo material, el ser humano est\u00e1 llamado a mejorar como persona.<\/p>\n\n\n\n<p>Vivimos en una generaci\u00f3n en la que el hombre, en ocasiones puede tener un comportamiento en un sentido machista, dominante, violento y ego\u00edsta, se pensaba como el \u00fanico con voz y opini\u00f3n en una familia.<\/p>\n\n\n\n<p>Complicada ha resultado para muchas familias la din\u00e1mica de roles compartidos; a pesar de que hoy la mujer trabaja dentro y fuera de casa, ella sigue en muchas ocasiones cargando sola con la crianza de los hijos, las responsabilidades econ\u00f3micas y la inmadurez, falta de dominio propio y responsabilidad del hombre.<\/p>\n\n\n\n<p>Casos excepcionales podemos conocer en los que la mujer pueda resaltar profesional y econ\u00f3micamente y el hombre la apoye.<\/p>\n\n\n\n<p>Por otro lado, la costumbre e imitaci\u00f3n de lo que se vio y vivi\u00f3 en casa, por los ancestros de la nueva familia, resulta en muchos varones complicado ver a la mujer con respeto, con admiraci\u00f3n y tratarla con amor.<\/p>\n\n\n\n<p>Hoy la sociedad se encuentra en crisis; el hombre no cede y la mujer se empodera, ambos en una lucha por sus derechos, sin pensar que debe prevalecer un ambiente de equidad y respeto ante cualquier relaci\u00f3n.<\/p>\n\n\n\n<p>La violencia intrafamiliar ser\u00eda ideal prevenirla desde el noviazgo. Conocer la personalidad de la pareja, identificar sus valores, principios y salud mental.<\/p>\n\n\n\n<p>Inmersos en los avances de la tecnolog\u00eda, se han logrado identificar conductas tan da\u00f1inas en el ser humano que terminan destruyendo no solo la vida de la misma persona, y la de la pareja, sino tambi\u00e9n la de los hijos.<\/p>\n\n\n\n<p>La violencia en ocasiones se disfraza de broma, y la inocencia de la v\u00edctima no le permite estar consciente de estar al lado de una persona malintencionada y abusiva.<\/p>\n\n\n\n<p>Hoy, como mujer, me uno a millones de mujeres: no a la violencia, s\u00ed al respeto y la paz.<\/p>\n","protected":false},"excerpt":{"rendered":"<p>Luz Mar\u00eda Ortiz Quintos En el marco del D\u00eda Internacional de la Mujer, el 8 de marzo se conmemora una jornada global de lucha y reflexi\u00f3n sobre la igualdad de g\u00e9nero, los derechos de las mujeres y la erradicaci\u00f3n de la violencia. No es un d\u00eda de celebraci\u00f3n, sino de conmemoraci\u00f3n de la lucha por [&hellip;]<\/p>\n","protected":false},"author":1,"featured_media":145570,"comment_status":"open","ping_status":"open","sticky":true,"template":"","format":"standard","meta":{"footnotes":""},"categories":[12],"tags":[],"_links":{"self":[{"href":"https:\/\/diariodigitalmx.com\/index.php\/wp-json\/wp\/v2\/posts\/145568"}],"collection":[{"href":"https:\/\/diariodigitalmx.com\/index.php\/wp-json\/wp\/v2\/posts"}],"about":[{"href":"https:\/\/diariodigitalmx.com\/index.php\/wp-json\/wp\/v2\/types\/post"}],"author":[{"embeddable":true,"href":"https:\/\/diariodigitalmx.com\/index.php\/wp-json\/wp\/v2\/users\/1"}],"replies":[{"embeddable":true,"href":"https:\/\/diariodigitalmx.com\/index.php\/wp-json\/wp\/v2\/comments?post=145568"}],"version-history":[{"count":1,"href":"https:\/\/diariodigitalmx.com\/index.php\/wp-json\/wp\/v2\/posts\/145568\/revisions"}],"predecessor-version":[{"id":145569,"href":"https:\/\/diariodigitalmx.com\/index.php\/wp-json\/wp\/v2\/posts\/145568\/revisions\/145569"}],"wp:featuredmedia":[{"embeddable":true,"href":"https:\/\/diariodigitalmx.com\/index.php\/wp-json\/wp\/v2\/media\/145570"}],"wp:attachment":[{"href":"https:\/\/diariodigitalmx.com\/index.php\/wp-json\/wp\/v2\/media?parent=145568"}],"wp:term":[{"taxonomy":"category","embeddable":true,"href":"https:\/\/diariodigitalmx.com\/index.php\/wp-json\/wp\/v2\/categories?post=145568"},{"taxonomy":"post_tag","embeddable":true,"href":"https:\/\/diariodigitalmx.com\/index.php\/wp-json\/wp\/v2\/tags?post=145568"}],"curies":[{"name":"wp","href":"https:\/\/api.w.org\/{rel}","templated":true}]}}