{"id":145637,"date":"2026-03-06T14:05:13","date_gmt":"2026-03-06T20:05:13","guid":{"rendered":"https:\/\/diariodigitalmx.com\/?p=145637"},"modified":"2026-03-06T14:10:25","modified_gmt":"2026-03-06T20:10:25","slug":"denuncia-rocio-montalvo-guerra-sucia-exibe-opacidad-en-juarez-y-vetos-de-samuel-garcia-y-eliminan-su-facebook","status":"publish","type":"post","link":"https:\/\/diariodigitalmx.com\/index.php\/2026\/03\/06\/denuncia-rocio-montalvo-guerra-sucia-exibe-opacidad-en-juarez-y-vetos-de-samuel-garcia-y-eliminan-su-facebook\/","title":{"rendered":"Denuncia Roc\u00edo Montalvo guerra sucia: Exibe opacidad en Ju\u00e1rez y vetos de Samuel Garc\u00eda; bots eliminan su Facebook"},"content":{"rendered":"\n<p>Monterrey, N.L. \u2013 La diputada independiente Roc\u00edo Maybe Montalvo Adame denunci\u00f3 esta ma\u00f1ana un ataque orquestado de &#8220;bots&#8221; que result\u00f3 en la eliminaci\u00f3n de su p\u00e1gina oficial en Facebook, @RocioMontalvoNL. La legisladora calific\u00f3 este acto como un intento de censura directa tras sus recientes acciones para transparentar el gasto p\u00fablico del municipio de Ju\u00e1rez y exigir al Gobierno del Estado la publicaci\u00f3n de la iniciativa de Tarifas Sociales.<br>El bloqueo y despublicaci\u00f3n de su plataforma social oficial ocurri\u00f3 durante la madrugada de este viernes 6 de marzo. Este ataque digital se presenta en el contexto de alta presi\u00f3n pol\u00edtica en su contra, resultado de dos frentes de defensa que la legisladora ha encabezado:<br>\uf0b7 Denuncia por opacidad en Ju\u00e1rez: recientemente logr\u00f3 que la Comisi\u00f3n de Transparencia INFO NL multara en diversas ocasiones a la administraci\u00f3n del alcalde F\u00e9lix Arratia por mantener ocultos la n\u00f3mina y los contratos municipales durante m\u00e1s de 14 meses.<\/p>\n\n\n\n<figure class=\"wp-block-image size-large\"><img loading=\"lazy\" decoding=\"async\" width=\"472\" height=\"1024\" src=\"https:\/\/diariodigitalmx.com\/wp-content\/uploads\/2026\/03\/238890-472x1024.jpg\" alt=\"\" class=\"wp-image-145642\" srcset=\"https:\/\/diariodigitalmx.com\/wp-content\/uploads\/2026\/03\/238890-472x1024.jpg 472w, https:\/\/diariodigitalmx.com\/wp-content\/uploads\/2026\/03\/238890-138x300.jpg 138w, https:\/\/diariodigitalmx.com\/wp-content\/uploads\/2026\/03\/238890-708x1536.jpg 708w, https:\/\/diariodigitalmx.com\/wp-content\/uploads\/2026\/03\/238890.jpg 738w\" sizes=\"(max-width: 472px) 100vw, 472px\" \/><\/figure>\n\n\n\n<p><br>\uf0b7 Propuesta y defensa de las Tarifas Sociales: La diputada ha denunciado p\u00fablicamente el veto y bloqueo del gobernador Samuel Garc\u00eda a la iniciativa de Tarifas Sociales, se\u00f1alando que dicha acci\u00f3n viola la Constituci\u00f3n local y afecta directamente a los usuarios del transporte p\u00fablico.<br>Ante la desaparici\u00f3n de su espacio de contacto ciudadano, la coordinadora del Grupo Legislativo Independiente &#8220;\u00danete Pueblo&#8221; asegur\u00f3 que estas t\u00e1cticas de &#8220;guerra sucia&#8221; solo confirman que sus denuncias est\u00e1n afectando intereses de las administraciones actuales.<br>&#8220;Si creen que borrando mi p\u00e1gina de Facebook van a desaparecer las denuncias por falta de transparencia, o las exigencias que demanda el pueblo de Ju\u00e1rez, o que a la gente se le olvidar\u00e1n las Tarifas Sociales, est\u00e1n muy equivocados. La rendici\u00f3n de cuentas va a continuar, porque lo ocurrido nos demuestra que estamos haciendo bien las cosas y nos da m\u00e1s motivos para seguir. Creo que esta es una respuesta desesperada de \u201cla nueva pol\u00edtica\u201d, como les gusta llamarse falsamente, ante las verdades documentadas&#8221;, sentenci\u00f3 la legisladora.<br>La legisladora inform\u00f3 que iniciar\u00e1 los procedimientos correspondientes ante la plataforma digital Meta Inc. para recuperar su cuenta y no descart\u00f3 presentar denuncias por este acoso cibern\u00e9tico que busca limitar su labor legislativa y de fiscalizaci\u00f3n.<br>\u00bfEN QU\u00c9 CONSISTI\u00d3 EL ATAQUE?<\/p>\n\n\n\n<ul>\n<li>Cientos de cuentas falsas de Facebook, denominadas bots, denunciaron la p\u00e1gina de la diputada en Facebook, presuntamente por ser un perfil falso. Es decir, como si alguien suplantara su propia identidad en su propia p\u00e1gina, sin su autorizaci\u00f3n.<\/li>\n\n\n\n<li>Al explotar este fallo, Facebook procedi\u00f3 a eliminarla.<\/li>\n<\/ul>\n","protected":false},"excerpt":{"rendered":"<p>Monterrey, N.L. \u2013 La diputada independiente Roc\u00edo Maybe Montalvo Adame denunci\u00f3 esta ma\u00f1ana un ataque orquestado de &#8220;bots&#8221; que result\u00f3 en la eliminaci\u00f3n de su p\u00e1gina oficial en Facebook, @RocioMontalvoNL. La legisladora calific\u00f3 este acto como un intento de censura directa tras sus recientes acciones para transparentar el gasto p\u00fablico del municipio de Ju\u00e1rez y [&hellip;]<\/p>\n","protected":false},"author":1,"featured_media":145639,"comment_status":"open","ping_status":"open","sticky":true,"template":"","format":"standard","meta":{"footnotes":""},"categories":[6,3,5],"tags":[],"_links":{"self":[{"href":"https:\/\/diariodigitalmx.com\/index.php\/wp-json\/wp\/v2\/posts\/145637"}],"collection":[{"href":"https:\/\/diariodigitalmx.com\/index.php\/wp-json\/wp\/v2\/posts"}],"about":[{"href":"https:\/\/diariodigitalmx.com\/index.php\/wp-json\/wp\/v2\/types\/post"}],"author":[{"embeddable":true,"href":"https:\/\/diariodigitalmx.com\/index.php\/wp-json\/wp\/v2\/users\/1"}],"replies":[{"embeddable":true,"href":"https:\/\/diariodigitalmx.com\/index.php\/wp-json\/wp\/v2\/comments?post=145637"}],"version-history":[{"count":4,"href":"https:\/\/diariodigitalmx.com\/index.php\/wp-json\/wp\/v2\/posts\/145637\/revisions"}],"predecessor-version":[{"id":145644,"href":"https:\/\/diariodigitalmx.com\/index.php\/wp-json\/wp\/v2\/posts\/145637\/revisions\/145644"}],"wp:featuredmedia":[{"embeddable":true,"href":"https:\/\/diariodigitalmx.com\/index.php\/wp-json\/wp\/v2\/media\/145639"}],"wp:attachment":[{"href":"https:\/\/diariodigitalmx.com\/index.php\/wp-json\/wp\/v2\/media?parent=145637"}],"wp:term":[{"taxonomy":"category","embeddable":true,"href":"https:\/\/diariodigitalmx.com\/index.php\/wp-json\/wp\/v2\/categories?post=145637"},{"taxonomy":"post_tag","embeddable":true,"href":"https:\/\/diariodigitalmx.com\/index.php\/wp-json\/wp\/v2\/tags?post=145637"}],"curies":[{"name":"wp","href":"https:\/\/api.w.org\/{rel}","templated":true}]}}