{"id":145655,"date":"2026-03-06T19:06:21","date_gmt":"2026-03-07T01:06:21","guid":{"rendered":"https:\/\/diariodigitalmx.com\/?p=145655"},"modified":"2026-03-06T19:10:20","modified_gmt":"2026-03-07T01:10:20","slug":"promueve-4t-nortena-proteccion-y-voz-libre-para-las-mujeres-en-redes-sociales","status":"publish","type":"post","link":"https:\/\/diariodigitalmx.com\/index.php\/2026\/03\/06\/promueve-4t-nortena-proteccion-y-voz-libre-para-las-mujeres-en-redes-sociales\/","title":{"rendered":"Promueve 4T Norte\u00f1a protecci\u00f3n y voz libre para las mujeres en redes sociales"},"content":{"rendered":"\n<figure class=\"wp-block-image size-large\"><img loading=\"lazy\" decoding=\"async\" width=\"1024\" height=\"613\" src=\"https:\/\/diariodigitalmx.com\/wp-content\/uploads\/2026\/03\/239367-1024x613.jpg\" alt=\"\" class=\"wp-image-145660\" srcset=\"https:\/\/diariodigitalmx.com\/wp-content\/uploads\/2026\/03\/239367-1024x613.jpg 1024w, https:\/\/diariodigitalmx.com\/wp-content\/uploads\/2026\/03\/239367-300x180.jpg 300w, https:\/\/diariodigitalmx.com\/wp-content\/uploads\/2026\/03\/239367-768x460.jpg 768w, https:\/\/diariodigitalmx.com\/wp-content\/uploads\/2026\/03\/239367-1536x920.jpg 1536w, https:\/\/diariodigitalmx.com\/wp-content\/uploads\/2026\/03\/239367-2048x1226.jpg 2048w\" sizes=\"(max-width: 1024px) 100vw, 1024px\" \/><\/figure>\n\n\n\n<p>En el marco del 8M, Escobedo, la Capital de la Tranformaci\u00f3n reafirma su compromiso con las mujeres al impulsar espacios de di\u00e1logo que buscan garantizar entornos seguros, dentro y fuera de internet, donde puedan expresarse sin miedo a la violencia.<br>Con motivo del D\u00eda Internacional de la Mujer, el Municipio llev\u00f3 a cabo el panel \u201cRedes Sociales: \u00bfAliadas o espacios de violencia?\u201d donde se cont\u00f3 con la participaci\u00f3n de Carolina Hern\u00e1ndez, periodista feminista; Valeria Mac\u00edas, activista y promotora de la Ley Valeria (Ley de Acecho); y Nathalia Molina, escritora feminista, adem\u00e1s de Tzitel P\u00e9rez, Coordinadora de Vinculaci\u00f3n y Difusi\u00f3n de la Secretar\u00eda de Igualdad e Inclusi\u00f3n de la UANL<br>El Alcalde Andr\u00e9s Mijes junto a la Primera Dama, Yesi de Mijes encabezaron este encuentro en el que se reflexion\u00f3 sobre los riesgos que enfrentan muchas mujeres en el entorno digital, pero tambi\u00e9n se vio el como las plataformas pueden servir para amplificar voces, impulsar causas y fortalecer la participaci\u00f3n social.<br>Al inaugurar este evento, de manera muy emotiva la tambi\u00e9n Presidenta del DIF Municipal reconoci\u00f3 la labor emprendida por Mijes en Escobedo donde se han impulsado acciones que protege y empoderan a las mujeres.<br>\u201cA unos d\u00edas del 8 de marzo, yo s\u00e9 que a Andr\u00e9s le preocupa y le ocupa que nosotras podamos vivir, participar y expresarnos con absoluta libertad y con total respeto\u201d.<br>\u201cEsa es justamente una de las ideas que impulsa su 4T Norte\u00f1a, nuestra 4TNorte\u00f1a, hacer que el crecimiento tambi\u00e9n se traduzca en bienestar, seguridad y respeto para nosotras\u201d, se\u00f1al\u00f3 Yesi de Mijes.<\/p>\n\n\n\n<figure class=\"wp-block-image size-large\"><img loading=\"lazy\" decoding=\"async\" width=\"1024\" height=\"683\" src=\"https:\/\/diariodigitalmx.com\/wp-content\/uploads\/2026\/03\/IMG_0327-1024x683.jpg\" alt=\"\" class=\"wp-image-145661\" srcset=\"https:\/\/diariodigitalmx.com\/wp-content\/uploads\/2026\/03\/IMG_0327-1024x683.jpg 1024w, https:\/\/diariodigitalmx.com\/wp-content\/uploads\/2026\/03\/IMG_0327-300x200.jpg 300w, https:\/\/diariodigitalmx.com\/wp-content\/uploads\/2026\/03\/IMG_0327-768x512.jpg 768w, https:\/\/diariodigitalmx.com\/wp-content\/uploads\/2026\/03\/IMG_0327-1536x1024.jpg 1536w, https:\/\/diariodigitalmx.com\/wp-content\/uploads\/2026\/03\/IMG_0327-2048x1365.jpg 2048w\" sizes=\"(max-width: 1024px) 100vw, 1024px\" \/><\/figure>\n\n\n\n<p>Durante su mensaje, Mijes destac\u00f3 que la 4T Norte\u00f1a, alineada con la visi\u00f3n de la Presidenta Claudia Sheinbaum de fortalecer la igualdad sustantiva y los derechos de las mexicanas, trabaja para que ese principio se convierta en realidad.<br>\u201cConstruir una cultura digital donde la libertad de expresi\u00f3n camine junto a la responsabilidad; donde ninguna mujer, absolutamente ninguna tenga que callar su voz por miedo a la violencia\u201d.<br>\u201cEse es el tipo de sociedad que queremos construir aqu\u00ed, en la Ciudad m\u00e1s Joven de la Zona Metropolitana de Nuevo Le\u00f3n, y en la Capital de la Transformaci\u00f3n en todo Nuevo Le\u00f3n\u201d, se\u00f1al\u00f3 el Edil.<\/p>\n\n\n\n<figure class=\"wp-block-image size-large\"><img loading=\"lazy\" decoding=\"async\" width=\"1024\" height=\"683\" src=\"https:\/\/diariodigitalmx.com\/wp-content\/uploads\/2026\/03\/239366-1024x683.jpg\" alt=\"\" class=\"wp-image-145662\" srcset=\"https:\/\/diariodigitalmx.com\/wp-content\/uploads\/2026\/03\/239366-1024x683.jpg 1024w, https:\/\/diariodigitalmx.com\/wp-content\/uploads\/2026\/03\/239366-300x200.jpg 300w, https:\/\/diariodigitalmx.com\/wp-content\/uploads\/2026\/03\/239366-768x512.jpg 768w, https:\/\/diariodigitalmx.com\/wp-content\/uploads\/2026\/03\/239366-1536x1024.jpg 1536w, https:\/\/diariodigitalmx.com\/wp-content\/uploads\/2026\/03\/239366-2048x1365.jpg 2048w\" sizes=\"(max-width: 1024px) 100vw, 1024px\" \/><\/figure>\n\n\n\n<p>El Edil a\u00f1adi\u00f3 que cuando una comunidad protege la dignidad de las mujeres y promueve su participaci\u00f3n plena, se construyen sociedades m\u00e1s libres, m\u00e1s fuertes y m\u00e1s justas.<br>\u201cSigamos haciendo que nuestras redes sociales, nuestras calles y nuestras colonias sean espacios donde las mujeres puedan hablar, participar y ejercer su libertad de forma plena, propia e innegociable\u201d, precis\u00f3 Mijes.<br>Durante el panel se destac\u00f3 que, cuando se usan con responsabilidad, las redes sociales pueden convertirse en una herramienta poderosa para aprender, organizarse, emprender y dar visibilidad a diversas causas sociales.<br>Las especialistas coincidieron en que el reconocer los desaf\u00edos del entorno digital y dialogar sobre ellos, es un paso clave para construir espacios virtuales m\u00e1s seguros, respetuosos e igualitarios, donde las mujeres puedan participar y ejercer su libertad de manera plena.<br>En la Capital de la Transformaci\u00f3n se promueven acciones para fortalecer la seguridad, la igualdad y la libertad de expresi\u00f3n de las mujeres.<\/p>\n","protected":false},"excerpt":{"rendered":"<p>En el marco del 8M, Escobedo, la Capital de la Tranformaci\u00f3n reafirma su compromiso con las mujeres al impulsar espacios de di\u00e1logo que buscan garantizar entornos seguros, dentro y fuera de internet, donde puedan expresarse sin miedo a la violencia.Con motivo del D\u00eda Internacional de la Mujer, el Municipio llev\u00f3 a cabo el panel \u201cRedes [&hellip;]<\/p>\n","protected":false},"author":1,"featured_media":145658,"comment_status":"open","ping_status":"open","sticky":true,"template":"","format":"standard","meta":{"footnotes":""},"categories":[6],"tags":[],"_links":{"self":[{"href":"https:\/\/diariodigitalmx.com\/index.php\/wp-json\/wp\/v2\/posts\/145655"}],"collection":[{"href":"https:\/\/diariodigitalmx.com\/index.php\/wp-json\/wp\/v2\/posts"}],"about":[{"href":"https:\/\/diariodigitalmx.com\/index.php\/wp-json\/wp\/v2\/types\/post"}],"author":[{"embeddable":true,"href":"https:\/\/diariodigitalmx.com\/index.php\/wp-json\/wp\/v2\/users\/1"}],"replies":[{"embeddable":true,"href":"https:\/\/diariodigitalmx.com\/index.php\/wp-json\/wp\/v2\/comments?post=145655"}],"version-history":[{"count":2,"href":"https:\/\/diariodigitalmx.com\/index.php\/wp-json\/wp\/v2\/posts\/145655\/revisions"}],"predecessor-version":[{"id":145663,"href":"https:\/\/diariodigitalmx.com\/index.php\/wp-json\/wp\/v2\/posts\/145655\/revisions\/145663"}],"wp:featuredmedia":[{"embeddable":true,"href":"https:\/\/diariodigitalmx.com\/index.php\/wp-json\/wp\/v2\/media\/145658"}],"wp:attachment":[{"href":"https:\/\/diariodigitalmx.com\/index.php\/wp-json\/wp\/v2\/media?parent=145655"}],"wp:term":[{"taxonomy":"category","embeddable":true,"href":"https:\/\/diariodigitalmx.com\/index.php\/wp-json\/wp\/v2\/categories?post=145655"},{"taxonomy":"post_tag","embeddable":true,"href":"https:\/\/diariodigitalmx.com\/index.php\/wp-json\/wp\/v2\/tags?post=145655"}],"curies":[{"name":"wp","href":"https:\/\/api.w.org\/{rel}","templated":true}]}}