{"id":145673,"date":"2026-03-07T17:17:54","date_gmt":"2026-03-07T23:17:54","guid":{"rendered":"https:\/\/diariodigitalmx.com\/?p=145673"},"modified":"2026-03-07T17:19:18","modified_gmt":"2026-03-07T23:19:18","slug":"plantea-mijes-estrategia-integral-para-destrabar-la-movilidad-metropolitana","status":"publish","type":"post","link":"https:\/\/diariodigitalmx.com\/index.php\/2026\/03\/07\/plantea-mijes-estrategia-integral-para-destrabar-la-movilidad-metropolitana\/","title":{"rendered":"Plantea Mijes estrategia integral para destrabar la movilidad metropolitana"},"content":{"rendered":"\n<p>El Alcalde Andr\u00e9s Mijes plante\u00f3 que para resolver el problema de movilidad en la Zona Metropolitana es indispensable que los tres \u00f3rdenes de Gobierno impulsen pol\u00edticas p\u00fablicas multidisciplinarias y coordinadas que atiendan el transporte, la infraestructura vial y los traslados diarios.<br>Al participar en el Foro Movilidad Urbana 2026 organizado por el Consejo C\u00edvico en la Universidad Regiomontana (U-ERRE), el Edil subray\u00f3 que la soluci\u00f3n al congestionamiento no puede centrarse \u00fanicamente en el transporte colectivo, sino en una estrategia m\u00e1s amplia que contemple diversas herramientas de movilidad.<br>Mijes explic\u00f3 que es necesario impulsar acciones complementarias como la implementaci\u00f3n de esquemas de carpool, carriles confinados, horarios laborales y escolares escalonados, as\u00ed como la modernizaci\u00f3n y ampliaci\u00f3n de vialidades que permitan mejorar la circulaci\u00f3n para todos los usuarios de la v\u00eda.<\/p>\n\n\n\n<figure class=\"wp-block-image size-large\"><img loading=\"lazy\" decoding=\"async\" width=\"1024\" height=\"954\" src=\"https:\/\/diariodigitalmx.com\/wp-content\/uploads\/2026\/03\/240577-1024x954.jpg\" alt=\"\" class=\"wp-image-145678\" srcset=\"https:\/\/diariodigitalmx.com\/wp-content\/uploads\/2026\/03\/240577-1024x954.jpg 1024w, https:\/\/diariodigitalmx.com\/wp-content\/uploads\/2026\/03\/240577-300x279.jpg 300w, https:\/\/diariodigitalmx.com\/wp-content\/uploads\/2026\/03\/240577-768x715.jpg 768w, https:\/\/diariodigitalmx.com\/wp-content\/uploads\/2026\/03\/240577-1536x1430.jpg 1536w, https:\/\/diariodigitalmx.com\/wp-content\/uploads\/2026\/03\/240577.jpg 1600w\" sizes=\"(max-width: 1024px) 100vw, 1024px\" \/><\/figure>\n\n\n\n<p>\u201cEs bien importante saber que el tema de movilidad no solamente se va a solucionar teniendo mejor transporte colectivo, teniendo m\u00e1s camiones teniendo l\u00edneas del Metro tenemos que tener pol\u00edticas p\u00fablicas multidisciplinarias en diversas \u00e1reas\u201d, se\u00f1al\u00f3 el Edil.<br>El Alcalde se\u00f1al\u00f3 que \u00fanicamente mediante una visi\u00f3n integral y el trabajo coordinado entre Federaci\u00f3n, Estado y Municipios ser\u00e1 posible construir soluciones duraderas que reduzcan los tiempos de traslado y mejoren la calidad de vida de las familias.<\/p>\n\n\n\n<p>\u201cEl tr\u00e1fico no solo retrasa a la gente; tambi\u00e9n contamina, complica el acceso al empleo, encarece el transporte y el estudio, y nos quita todos los d\u00edas un poco de vida en familia\u201d, advirti\u00f3.<br>\u201cEs tiempo de que todos pongamos nuestra parte para que Nuevo Le\u00f3n deje de perder horas atorado en el tr\u00e1fico\u201d, agreg\u00f3.<\/p>\n\n\n\n<figure class=\"wp-block-image size-large\"><img loading=\"lazy\" decoding=\"async\" width=\"1024\" height=\"710\" src=\"https:\/\/diariodigitalmx.com\/wp-content\/uploads\/2026\/03\/240576-1024x710.jpg\" alt=\"\" class=\"wp-image-145676\" srcset=\"https:\/\/diariodigitalmx.com\/wp-content\/uploads\/2026\/03\/240576-1024x710.jpg 1024w, https:\/\/diariodigitalmx.com\/wp-content\/uploads\/2026\/03\/240576-300x208.jpg 300w, https:\/\/diariodigitalmx.com\/wp-content\/uploads\/2026\/03\/240576-768x532.jpg 768w, https:\/\/diariodigitalmx.com\/wp-content\/uploads\/2026\/03\/240576-1536x1065.jpg 1536w, https:\/\/diariodigitalmx.com\/wp-content\/uploads\/2026\/03\/240576.jpg 1600w\" sizes=\"(max-width: 1024px) 100vw, 1024px\" \/><\/figure>\n\n\n\n<p>Indic\u00f3 que Nuevo Le\u00f3n arrastra una deuda hist\u00f3rica en materia de movilidad, derivada de d\u00e9cadas en las que el crecimiento econ\u00f3mico avanz\u00f3 m\u00e1s r\u00e1pido que la planeaci\u00f3n urbana y el desarrollo de infraestructura de transporte.<br>Esta situaci\u00f3n, apunt\u00f3, se refleja actualmente en tr\u00e1fico constante, largos tiempos de traslado y saturaci\u00f3n de vialidades que impactan directamente en la vida cotidiana de la poblaci\u00f3n.<br>Mijes destac\u00f3 que la movilidad eficiente es un componente clave para el crecimiento con justicia social impulsado por la Presidenta Claudia Sheinbaum, visi\u00f3n que en Escobedo tambi\u00e9n se impulsa mediante estrategias locales como la operaci\u00f3n de rutas intramunicipales que acercan el transporte a las colonias.<\/p>\n","protected":false},"excerpt":{"rendered":"<p>El Alcalde Andr\u00e9s Mijes plante\u00f3 que para resolver el problema de movilidad en la Zona Metropolitana es indispensable que los tres \u00f3rdenes de Gobierno impulsen pol\u00edticas p\u00fablicas multidisciplinarias y coordinadas que atiendan el transporte, la infraestructura vial y los traslados diarios.Al participar en el Foro Movilidad Urbana 2026 organizado por el Consejo C\u00edvico en la [&hellip;]<\/p>\n","protected":false},"author":1,"featured_media":145675,"comment_status":"open","ping_status":"open","sticky":true,"template":"","format":"standard","meta":{"footnotes":""},"categories":[14,6],"tags":[],"_links":{"self":[{"href":"https:\/\/diariodigitalmx.com\/index.php\/wp-json\/wp\/v2\/posts\/145673"}],"collection":[{"href":"https:\/\/diariodigitalmx.com\/index.php\/wp-json\/wp\/v2\/posts"}],"about":[{"href":"https:\/\/diariodigitalmx.com\/index.php\/wp-json\/wp\/v2\/types\/post"}],"author":[{"embeddable":true,"href":"https:\/\/diariodigitalmx.com\/index.php\/wp-json\/wp\/v2\/users\/1"}],"replies":[{"embeddable":true,"href":"https:\/\/diariodigitalmx.com\/index.php\/wp-json\/wp\/v2\/comments?post=145673"}],"version-history":[{"count":3,"href":"https:\/\/diariodigitalmx.com\/index.php\/wp-json\/wp\/v2\/posts\/145673\/revisions"}],"predecessor-version":[{"id":145679,"href":"https:\/\/diariodigitalmx.com\/index.php\/wp-json\/wp\/v2\/posts\/145673\/revisions\/145679"}],"wp:featuredmedia":[{"embeddable":true,"href":"https:\/\/diariodigitalmx.com\/index.php\/wp-json\/wp\/v2\/media\/145675"}],"wp:attachment":[{"href":"https:\/\/diariodigitalmx.com\/index.php\/wp-json\/wp\/v2\/media?parent=145673"}],"wp:term":[{"taxonomy":"category","embeddable":true,"href":"https:\/\/diariodigitalmx.com\/index.php\/wp-json\/wp\/v2\/categories?post=145673"},{"taxonomy":"post_tag","embeddable":true,"href":"https:\/\/diariodigitalmx.com\/index.php\/wp-json\/wp\/v2\/tags?post=145673"}],"curies":[{"name":"wp","href":"https:\/\/api.w.org\/{rel}","templated":true}]}}