{"id":145685,"date":"2026-03-07T19:32:49","date_gmt":"2026-03-08T01:32:49","guid":{"rendered":"https:\/\/diariodigitalmx.com\/?p=145685"},"modified":"2026-03-07T19:33:12","modified_gmt":"2026-03-08T01:33:12","slug":"vinculan-a-funcionaria-de-monterrey-a-proceso-y-seguira-en-prision","status":"publish","type":"post","link":"https:\/\/diariodigitalmx.com\/index.php\/2026\/03\/07\/vinculan-a-funcionaria-de-monterrey-a-proceso-y-seguira-en-prision\/","title":{"rendered":"Vinculan a funcionaria de Monterrey a proceso y seguir\u00e1 en prisi\u00f3n"},"content":{"rendered":"\n<p>Monterrey. &#8211; La Secretaria de Desarrollo Humano e Igualdad Sustantiva del Municipio de Monterrey, Karina Barr\u00f3n Perales, fue vinculada a proceso por los delitos de extorsi\u00f3n y falsedad en declaraciones.<br>Un juez federal dict\u00f3 el fallo y ratific\u00f3 la medida cautelar de prisi\u00f3n preventiva contra la funcionaria que est\u00e1 detenida desde el pasado domingo.<br>Tambi\u00e9n fueron vinculados a proceso y sigue detenidos Deborah Velazco y el abogado Gustavo Garc\u00eda, coacusados junto con la funcionaria. Tras desahogar las pruebas presentadas el Juez decidi\u00f3 la vinculaci\u00f3n la tarde de este s\u00e1bado por lo que Barr\u00f3n Perales y coacusados seguir\u00e1n en prisi\u00f3n.<br>Barr\u00f3n Perales permanecer\u00e1 interna en el Centro de Reinserci\u00f3n Social Femenil, ubicado en el municipio de Escobedo, al norte de la zona metropolitana de Monterrey.<br>La audiencia de vinculaci\u00f3n inici\u00f3 desee alrededor de las 10:00 horas y concluy\u00f3 poco despu\u00e9s de las 18:00 horas.<\/p>\n\n\n\n<p>Unas tres horas antes, 3n las redes sociales de Karina Barr\u00f3n la funcionaria ofreci\u00f3 una&nbsp;<strong>disculpa p\u00fablica<\/strong>&nbsp;al Senador de Morena,<strong>&nbsp;Waldo Fern\u00e1ndez, no acepta culpabilidad y rechaz\u00f3 que haya <\/strong>solicitado favores o ejercido presi\u00f3n hacia instituciones o autoridades en la presunta denuncia interpuesta por una ciudadana por abuso sexual contra el legislador, que contrademand\u00f3 tras los hechos en 2024 en la campa\u00f1a pol\u00edtica en que ambos eran candidatos al Senado.<br>&#8220;Ante los hechos que han sido de conocimiento p\u00fablico en lo \u00faltimos d\u00edas, considero importante expresar de manera personal una disculpa publica a quienes pudieron haberse sentido afectados por esta situaci\u00f3n&#8221;, se\u00f1ala Barr\u00f3n.<br>&#8220;Reconozco que lo ocurrido ha generado consecuencias que han impactado tanto en \u00e1mbito personal como en el p\u00fablico, particularmente con el ciudadano Waldo Fern\u00e1ndez Gonz\u00e1lez y su entorno&#8221;.<br>&#8220;Quiero manifestar con claridad que lamento profundamente las circunstancias que dieron origen a esta situaci\u00f3n&#8221;.<br>&#8220;Reitero mi disposici\u00f3n para colaborar en todo aquello que resulte necesario con la convicci\u00f3n de que los hechos deber\u00e1n esclarecerse plenamente a trav\u00e9s de las v\u00edas institucionales correspondientes&#8221;, agrega.<br>Finalmente afirma tener confianza en que el proceso legal que enfrenta permitir\u00e1 que los hechos se esclarezcan conforme a derecho.<\/p>\n","protected":false},"excerpt":{"rendered":"<p>Monterrey. &#8211; La Secretaria de Desarrollo Humano e Igualdad Sustantiva del Municipio de Monterrey, Karina Barr\u00f3n Perales, fue vinculada a proceso por los delitos de extorsi\u00f3n y falsedad en declaraciones.Un juez federal dict\u00f3 el fallo y ratific\u00f3 la medida cautelar de prisi\u00f3n preventiva contra la funcionaria que est\u00e1 detenida desde el pasado domingo.Tambi\u00e9n fueron vinculados [&hellip;]<\/p>\n","protected":false},"author":1,"featured_media":145687,"comment_status":"open","ping_status":"open","sticky":true,"template":"","format":"standard","meta":{"footnotes":""},"categories":[6,3,5],"tags":[],"_links":{"self":[{"href":"https:\/\/diariodigitalmx.com\/index.php\/wp-json\/wp\/v2\/posts\/145685"}],"collection":[{"href":"https:\/\/diariodigitalmx.com\/index.php\/wp-json\/wp\/v2\/posts"}],"about":[{"href":"https:\/\/diariodigitalmx.com\/index.php\/wp-json\/wp\/v2\/types\/post"}],"author":[{"embeddable":true,"href":"https:\/\/diariodigitalmx.com\/index.php\/wp-json\/wp\/v2\/users\/1"}],"replies":[{"embeddable":true,"href":"https:\/\/diariodigitalmx.com\/index.php\/wp-json\/wp\/v2\/comments?post=145685"}],"version-history":[{"count":1,"href":"https:\/\/diariodigitalmx.com\/index.php\/wp-json\/wp\/v2\/posts\/145685\/revisions"}],"predecessor-version":[{"id":145686,"href":"https:\/\/diariodigitalmx.com\/index.php\/wp-json\/wp\/v2\/posts\/145685\/revisions\/145686"}],"wp:featuredmedia":[{"embeddable":true,"href":"https:\/\/diariodigitalmx.com\/index.php\/wp-json\/wp\/v2\/media\/145687"}],"wp:attachment":[{"href":"https:\/\/diariodigitalmx.com\/index.php\/wp-json\/wp\/v2\/media?parent=145685"}],"wp:term":[{"taxonomy":"category","embeddable":true,"href":"https:\/\/diariodigitalmx.com\/index.php\/wp-json\/wp\/v2\/categories?post=145685"},{"taxonomy":"post_tag","embeddable":true,"href":"https:\/\/diariodigitalmx.com\/index.php\/wp-json\/wp\/v2\/tags?post=145685"}],"curies":[{"name":"wp","href":"https:\/\/api.w.org\/{rel}","templated":true}]}}