{"id":145770,"date":"2026-03-09T22:31:17","date_gmt":"2026-03-10T04:31:17","guid":{"rendered":"https:\/\/diariodigitalmx.com\/?p=145770"},"modified":"2026-03-09T22:32:16","modified_gmt":"2026-03-10T04:32:16","slug":"comparte-mijes-a-estudiantes-modelo-de-la-4t-nortena","status":"publish","type":"post","link":"https:\/\/diariodigitalmx.com\/index.php\/2026\/03\/09\/comparte-mijes-a-estudiantes-modelo-de-la-4t-nortena\/","title":{"rendered":"Comparte Mijes a estudiantes modelo de la 4T Norte\u00f1a"},"content":{"rendered":"\n<figure class=\"wp-block-image size-large\"><img loading=\"lazy\" decoding=\"async\" width=\"1024\" height=\"681\" src=\"https:\/\/diariodigitalmx.com\/wp-content\/uploads\/2026\/03\/243684-1024x681.jpg\" alt=\"\" class=\"wp-image-145774\" srcset=\"https:\/\/diariodigitalmx.com\/wp-content\/uploads\/2026\/03\/243684-1024x681.jpg 1024w, https:\/\/diariodigitalmx.com\/wp-content\/uploads\/2026\/03\/243684-300x199.jpg 300w, https:\/\/diariodigitalmx.com\/wp-content\/uploads\/2026\/03\/243684-768x511.jpg 768w, https:\/\/diariodigitalmx.com\/wp-content\/uploads\/2026\/03\/243684.jpg 1280w\" sizes=\"(max-width: 1024px) 100vw, 1024px\" \/><\/figure>\n\n\n\n<p>El Alcalde Andr\u00e9s Mijes present\u00f3 en la Universidad de Monterrey (UDEM) el modelo de Reconstrucci\u00f3n del Tejido Social, una estrategia central de la 4T Norte\u00f1a que busca fortalecer la paz c\u00edvica, la comunidad y el desarrollo econ\u00f3mico desde las colonias.<br>Durante su participaci\u00f3n, Mijes explic\u00f3 que el tejido social es la base para que exista justicia, desarrollo, inversi\u00f3n, bienestar y armon\u00eda social, elementos indispensables para construir ciudades seguras, humanas y competitivas.<br>El Alcalde destac\u00f3 que este modelo se ha construido con la colaboraci\u00f3n de universidades, organizaciones sociales y la comunidad, tomando como referencia el trabajo del Padre Jorge Atilano y la metodolog\u00eda impulsada desde la propia UDEM para fortalecer el buen convivir, la mediaci\u00f3n comunitaria y la construcci\u00f3n de paz desde lo local.<\/p>\n\n\n\n<figure class=\"wp-block-image size-large\"><img loading=\"lazy\" decoding=\"async\" width=\"1024\" height=\"681\" src=\"https:\/\/diariodigitalmx.com\/wp-content\/uploads\/2026\/03\/243683-1024x681.jpg\" alt=\"\" class=\"wp-image-145773\" srcset=\"https:\/\/diariodigitalmx.com\/wp-content\/uploads\/2026\/03\/243683-1024x681.jpg 1024w, https:\/\/diariodigitalmx.com\/wp-content\/uploads\/2026\/03\/243683-300x199.jpg 300w, https:\/\/diariodigitalmx.com\/wp-content\/uploads\/2026\/03\/243683-768x511.jpg 768w, https:\/\/diariodigitalmx.com\/wp-content\/uploads\/2026\/03\/243683.jpg 1280w\" sizes=\"(max-width: 1024px) 100vw, 1024px\" \/><\/figure>\n\n\n\n<p>Como parte de esta estrategia, el municipio ha impulsado varias generaciones de graduados en reconstrucci\u00f3n del tejido social, adem\u00e1s de consolidar una red de 850 replicadores comunitarios que llevan esta metodolog\u00eda a las colonias y multiplican sus resultados en la comunidad.<br>Mijes explic\u00f3 que el fortalecimiento del tejido social tambi\u00e9n tiene efectos concretos en el desarrollo econ\u00f3mico y la seguridad. Bajo este modelo, la ciudad ha logrado atraer inversiones estrat\u00e9gicas como Canad\u00e1 City Center, Costco y Mercado Libre, que en conjunto representan miles de millones de pesos en inversi\u00f3n y la generaci\u00f3n de m\u00e1s de 20 mil empleos en la Zona Metropolitana.<\/p>\n\n\n\n<p>En materia de seguridad, destac\u00f3 que el trabajo comunitario se complementa con el modelo PROXPOL, una polic\u00eda profesional y cercana a la gente que construye confianza en las colonias y contribuye a generar paz c\u00edvica, combinando participaci\u00f3n ciudadana, tecnolog\u00eda y profesionalizaci\u00f3n policial.<br>El modelo, a\u00f1adi\u00f3, combina el capitalismo social con identidad norte\u00f1a, inspirado en el pensamiento de Eugenio Garza Sada, con el humanismo social que impulsa la Presidenta de M\u00e9xico, Claudia Sheinbaum Pardo, orientado al Crecimiento con Justicia.<br>Finalmente, el alcalde afirm\u00f3 que reconstruir comunidad es una tarea que comienza en la colonia, pero debe proyectarse a toda la Zona Metropolitana de Nuevo Le\u00f3n, con la participaci\u00f3n del gobierno, las universidades, el sector privado y la sociedad.<br>\u201cSigamos tejiendo comunidad para construir el mejor Nuevo Le\u00f3n posible\u201d, concluy\u00f3.<\/p>\n","protected":false},"excerpt":{"rendered":"<p>El Alcalde Andr\u00e9s Mijes present\u00f3 en la Universidad de Monterrey (UDEM) el modelo de Reconstrucci\u00f3n del Tejido Social, una estrategia central de la 4T Norte\u00f1a que busca fortalecer la paz c\u00edvica, la comunidad y el desarrollo econ\u00f3mico desde las colonias.Durante su participaci\u00f3n, Mijes explic\u00f3 que el tejido social es la base para que exista justicia, [&hellip;]<\/p>\n","protected":false},"author":1,"featured_media":145772,"comment_status":"open","ping_status":"open","sticky":true,"template":"","format":"standard","meta":{"footnotes":""},"categories":[6],"tags":[],"_links":{"self":[{"href":"https:\/\/diariodigitalmx.com\/index.php\/wp-json\/wp\/v2\/posts\/145770"}],"collection":[{"href":"https:\/\/diariodigitalmx.com\/index.php\/wp-json\/wp\/v2\/posts"}],"about":[{"href":"https:\/\/diariodigitalmx.com\/index.php\/wp-json\/wp\/v2\/types\/post"}],"author":[{"embeddable":true,"href":"https:\/\/diariodigitalmx.com\/index.php\/wp-json\/wp\/v2\/users\/1"}],"replies":[{"embeddable":true,"href":"https:\/\/diariodigitalmx.com\/index.php\/wp-json\/wp\/v2\/comments?post=145770"}],"version-history":[{"count":2,"href":"https:\/\/diariodigitalmx.com\/index.php\/wp-json\/wp\/v2\/posts\/145770\/revisions"}],"predecessor-version":[{"id":145775,"href":"https:\/\/diariodigitalmx.com\/index.php\/wp-json\/wp\/v2\/posts\/145770\/revisions\/145775"}],"wp:featuredmedia":[{"embeddable":true,"href":"https:\/\/diariodigitalmx.com\/index.php\/wp-json\/wp\/v2\/media\/145772"}],"wp:attachment":[{"href":"https:\/\/diariodigitalmx.com\/index.php\/wp-json\/wp\/v2\/media?parent=145770"}],"wp:term":[{"taxonomy":"category","embeddable":true,"href":"https:\/\/diariodigitalmx.com\/index.php\/wp-json\/wp\/v2\/categories?post=145770"},{"taxonomy":"post_tag","embeddable":true,"href":"https:\/\/diariodigitalmx.com\/index.php\/wp-json\/wp\/v2\/tags?post=145770"}],"curies":[{"name":"wp","href":"https:\/\/api.w.org\/{rel}","templated":true}]}}