{"id":145776,"date":"2026-03-09T22:34:54","date_gmt":"2026-03-10T04:34:54","guid":{"rendered":"https:\/\/diariodigitalmx.com\/?p=145776"},"modified":"2026-03-09T22:35:36","modified_gmt":"2026-03-10T04:35:36","slug":"la-impostura-de-sergio-salomon","status":"publish","type":"post","link":"https:\/\/diariodigitalmx.com\/index.php\/2026\/03\/09\/la-impostura-de-sergio-salomon\/","title":{"rendered":"La impostura de Sergio Salom\u00f3n"},"content":{"rendered":"\n<p>Por Manuel CARMONA<\/p>\n\n\n\n<p>Hasta donde todos nos quedamos, la llegada de Sergio Salom\u00f3n al Instituto Nacional de Migraci\u00f3n (INM) fue un compromiso del ex presidente L\u00f3pez Obrador con \u00e9l y con un grupo de entonces gobernadores que apoyaron con todo a la operaci\u00f3n pol\u00edtica, en la pasada elecci\u00f3n presidencial del 2024<\/p>\n\n\n\n<p>A unos los hicieron embajadores y a otros les dieron cargos en el gobierno federal, es decir, su incorporaci\u00f3n a la burocracia dorada no es<br>producto de sus \u00edntimas relaciones con el primer c\u00edrculo de la 4T nacional, sino es un PAGO DE FACTURAS y punto.<\/p>\n\n\n\n<p>Algo se le encarg\u00f3 Salom\u00f3n, digamos que \u00e9l cumpli\u00f3 y ya se le pag\u00f3. ASUNTO ARREGLADO..<\/p>\n\n\n\n<p>Pero de eso, a que de un d\u00eda para otro le hayan aflorado y desbordado especiales talentos pol\u00edticos en diversos temas de gobierno, HAY UN PROFUNDO ABISMO y en eso los coment\u00f3cratas aldeanos se est\u00e1n equivocando.<\/p>\n\n\n\n<p>Doble SS es una de las muchas herencias del obradorismo y m\u00e1s temprano que tarde, la<br>Presidenta se lo va a sacudir, como lo ha venido haciendo gradualmente con otros, pero es muy lejana la posibilidad de que ella tenga la intenci\u00f3n de PROMOVERLO.<\/p>\n\n\n\n<p>Porqu\u00e9? QU\u00c9 LE DEBE ELLA? Si alguna vez hubo una deuda, \u00e9sta ya qued\u00f3 debidamente saldada con su cargo en el INM.<\/p>\n\n\n\n<p>Pero en el remoto caso que por falta de cuadros tuviera que echar mano del ex gobernador poblano para alguna otra posici\u00f3n dentro de la administraci\u00f3n p\u00fablica (todo puede ocurrir) pero definitivamente, no ser\u00eda para el segundo cargo pol\u00edtico m\u00e1s importante a nivel nacional, solo detr\u00e1s de la Presidenta de la Rep\u00fablica.<\/p>\n\n\n\n<p>Claudia Sheimbaun no es ninguna advenediza, trae un equipo de trabajo PROPIO que la ha venido acompa\u00f1ando desde el 5 de diciembre del a\u00f1o 2000, cuando fue la Secretaria del<br>Medio Ambiente en la Jefatura de Gobierno en la ciudad de M\u00e9xico con AMLO (hace m\u00e1s de dos d\u00e9cadas) y que no ha podido promover por la falta de espacios, derivado de las m\u00faltiples designaciones que AMLO realiz\u00f3 al interior del actual gabinete.<\/p>\n\n\n\n<p>En la medida que estos \u201ccompromisos\u201d se han ido desgastando o \u201ctropezando\u201d la Presidenta ha ido acomodando a sus alfiles, pero a\u00fan le faltan muchos que tiene formados y que tiene la firme intenci\u00f3n de colocar, mientras tanto hoy operan tras bambalinas y por eso no tienen exposici\u00f3n p\u00fablica.<\/p>\n\n\n\n<p>No veo porqu\u00e9 a doble SS tendr\u00edan que sacarlo de la fila y pasarlo hasta el frente sin raz\u00f3n alguna, nada m\u00e1s no checa.<\/p>\n\n\n\n<p>No hay que darle vueltas al asunto, a doble SS se le acab\u00f3 el saldo, \u00e9l lo sabe y por eso est\u00e1 desesperado. Por eso su desenfrenada CAMPA\u00d1A DE AUTO PROMOCI\u00d3N en columnas una y otra vez, incluso hasta recibiendo titulos acad\u00e9micos de relumbr\u00f3n, cuando todos sabemos en Puebla de su licenciatura fake.<\/p>\n\n\n\n<p>Doble SS solo es un tipo con suerte, producto de las coyunturas, un enga\u00f1abobos, pero para quienes saben y entienden sobre el verdadero lenguaje del poder, su impostura esta a la vista de todos, es imposible de esconder\u2026<\/p>\n\n\n\n<pre class=\"wp-block-code\"><code>\u2022   El autor es abogado, escritor y analista pol\u00edtico.<\/code><\/pre>\n","protected":false},"excerpt":{"rendered":"<p>Por Manuel CARMONA Hasta donde todos nos quedamos, la llegada de Sergio Salom\u00f3n al Instituto Nacional de Migraci\u00f3n (INM) fue un compromiso del ex presidente L\u00f3pez Obrador con \u00e9l y con un grupo de entonces gobernadores que apoyaron con todo a la operaci\u00f3n pol\u00edtica, en la pasada elecci\u00f3n presidencial del 2024 A unos los hicieron [&hellip;]<\/p>\n","protected":false},"author":1,"featured_media":145218,"comment_status":"open","ping_status":"open","sticky":true,"template":"","format":"standard","meta":{"footnotes":""},"categories":[12],"tags":[],"_links":{"self":[{"href":"https:\/\/diariodigitalmx.com\/index.php\/wp-json\/wp\/v2\/posts\/145776"}],"collection":[{"href":"https:\/\/diariodigitalmx.com\/index.php\/wp-json\/wp\/v2\/posts"}],"about":[{"href":"https:\/\/diariodigitalmx.com\/index.php\/wp-json\/wp\/v2\/types\/post"}],"author":[{"embeddable":true,"href":"https:\/\/diariodigitalmx.com\/index.php\/wp-json\/wp\/v2\/users\/1"}],"replies":[{"embeddable":true,"href":"https:\/\/diariodigitalmx.com\/index.php\/wp-json\/wp\/v2\/comments?post=145776"}],"version-history":[{"count":1,"href":"https:\/\/diariodigitalmx.com\/index.php\/wp-json\/wp\/v2\/posts\/145776\/revisions"}],"predecessor-version":[{"id":145777,"href":"https:\/\/diariodigitalmx.com\/index.php\/wp-json\/wp\/v2\/posts\/145776\/revisions\/145777"}],"wp:featuredmedia":[{"embeddable":true,"href":"https:\/\/diariodigitalmx.com\/index.php\/wp-json\/wp\/v2\/media\/145218"}],"wp:attachment":[{"href":"https:\/\/diariodigitalmx.com\/index.php\/wp-json\/wp\/v2\/media?parent=145776"}],"wp:term":[{"taxonomy":"category","embeddable":true,"href":"https:\/\/diariodigitalmx.com\/index.php\/wp-json\/wp\/v2\/categories?post=145776"},{"taxonomy":"post_tag","embeddable":true,"href":"https:\/\/diariodigitalmx.com\/index.php\/wp-json\/wp\/v2\/tags?post=145776"}],"curies":[{"name":"wp","href":"https:\/\/api.w.org\/{rel}","templated":true}]}}