{"id":145789,"date":"2026-03-10T15:20:47","date_gmt":"2026-03-10T21:20:47","guid":{"rendered":"https:\/\/diariodigitalmx.com\/?p=145789"},"modified":"2026-03-10T15:22:51","modified_gmt":"2026-03-10T21:22:51","slug":"video-hondureno-detenido-por-lesiones","status":"publish","type":"post","link":"https:\/\/diariodigitalmx.com\/index.php\/2026\/03\/10\/video-hondureno-detenido-por-lesiones\/","title":{"rendered":"VIDEO: HONDURE\u00d1O DETENIDO POR LESIONES"},"content":{"rendered":"\n<figure class=\"wp-block-video\"><video controls src=\"http:\/\/diariodigitalmx.com\/wp-content\/uploads\/2026\/03\/VID-20260310-WA0006.mp4\"><\/video><\/figure>\n\n\n\n<p>Captado con las c\u00e1maras del C4 regiomontano<\/p>\n\n\n\n<p>Un hombre originario de Honduras fue detenido por oficiales de la Polic\u00eda de Monterrey, al golpear con una piedra a un peat\u00f3n, en el centro de Monterrey.<\/p>\n\n\n\n<p>Los hechos se registraron a las 01:40 horas en Aramberri y Juan M\u00e9ndez, donde fue capturado Luis S., de 48 a\u00f1os de edad.<\/p>\n\n\n\n<p>Elementos de la Polic\u00eda de Monterrey realizaban labores de prevenci\u00f3n y vigilancia por el sector, cuando personal del C4 les reporta una persona lesionada.<\/p>\n\n\n\n<p>De inmediato los uniformados municipales llegan al sitio, entrevist\u00e1ndose con la v\u00edctima, de 52 a\u00f1os de edad, quien les dijo que un masculino le peg\u00f3 con una piedra en la cabeza.<\/p>\n\n\n\n<p>Mencion\u00f3 que al estar en v\u00eda p\u00fablica el presunto le peg\u00f3 en varias ocasiones en el cuello y luego en la cabeza, provoc\u00e1ndole una lesi\u00f3n en el cr\u00e1neo que lo hizo sangrar.<\/p>\n\n\n\n<p>Con las c\u00e1maras de videovigilancia del C4, los oficiales le dieron seguimiento al agresor, hasta que fue capturado, mientras el herido fue atendido por personal de Protecci\u00f3n Civil de Monterrey y Cruz Roja Metropolitana.<\/p>\n\n\n\n<p>Estas acciones de los oficiales forman parte de la estrategia Escudo que implementa la actual administraci\u00f3n municipal, con el objetivo de brindar una mayor seguridad a los ciudadanos y disminuir los delitos.<\/p>\n\n\n\n<p>El hondure\u00f1o fue trasladado a las instalaciones de la Polic\u00eda de Monterrey, donde qued\u00f3 a disposici\u00f3n del Ministerio P\u00fablico.<\/p>\n","protected":false},"excerpt":{"rendered":"<p>Captado con las c\u00e1maras del C4 regiomontano Un hombre originario de Honduras fue detenido por oficiales de la Polic\u00eda de Monterrey, al golpear con una piedra a un peat\u00f3n, en el centro de Monterrey. Los hechos se registraron a las 01:40 horas en Aramberri y Juan M\u00e9ndez, donde fue capturado Luis S., de 48 a\u00f1os [&hellip;]<\/p>\n","protected":false},"author":1,"featured_media":145791,"comment_status":"open","ping_status":"open","sticky":true,"template":"","format":"standard","meta":{"footnotes":""},"categories":[5,7],"tags":[],"_links":{"self":[{"href":"https:\/\/diariodigitalmx.com\/index.php\/wp-json\/wp\/v2\/posts\/145789"}],"collection":[{"href":"https:\/\/diariodigitalmx.com\/index.php\/wp-json\/wp\/v2\/posts"}],"about":[{"href":"https:\/\/diariodigitalmx.com\/index.php\/wp-json\/wp\/v2\/types\/post"}],"author":[{"embeddable":true,"href":"https:\/\/diariodigitalmx.com\/index.php\/wp-json\/wp\/v2\/users\/1"}],"replies":[{"embeddable":true,"href":"https:\/\/diariodigitalmx.com\/index.php\/wp-json\/wp\/v2\/comments?post=145789"}],"version-history":[{"count":2,"href":"https:\/\/diariodigitalmx.com\/index.php\/wp-json\/wp\/v2\/posts\/145789\/revisions"}],"predecessor-version":[{"id":145794,"href":"https:\/\/diariodigitalmx.com\/index.php\/wp-json\/wp\/v2\/posts\/145789\/revisions\/145794"}],"wp:featuredmedia":[{"embeddable":true,"href":"https:\/\/diariodigitalmx.com\/index.php\/wp-json\/wp\/v2\/media\/145791"}],"wp:attachment":[{"href":"https:\/\/diariodigitalmx.com\/index.php\/wp-json\/wp\/v2\/media?parent=145789"}],"wp:term":[{"taxonomy":"category","embeddable":true,"href":"https:\/\/diariodigitalmx.com\/index.php\/wp-json\/wp\/v2\/categories?post=145789"},{"taxonomy":"post_tag","embeddable":true,"href":"https:\/\/diariodigitalmx.com\/index.php\/wp-json\/wp\/v2\/tags?post=145789"}],"curies":[{"name":"wp","href":"https:\/\/api.w.org\/{rel}","templated":true}]}}