{"id":145795,"date":"2026-03-10T19:36:45","date_gmt":"2026-03-11T01:36:45","guid":{"rendered":"https:\/\/diariodigitalmx.com\/?p=145795"},"modified":"2026-03-10T19:37:45","modified_gmt":"2026-03-11T01:37:45","slug":"alinea-escobedo-estrategia-de-seguridad-entre-federacion-estados-y-municipios","status":"publish","type":"post","link":"https:\/\/diariodigitalmx.com\/index.php\/2026\/03\/10\/alinea-escobedo-estrategia-de-seguridad-entre-federacion-estados-y-municipios\/","title":{"rendered":"Alinea Escobedo estrategia de seguridad entre Federaci\u00f3n, Estados y Municipios"},"content":{"rendered":"\n<p>Escobedo se suma al fortalecimiento de la estrategia nacional de seguridad para avanzar en la construcci\u00f3n de comunidades m\u00e1s seguras, mediante una coordinaci\u00f3n estrecha entre la Federaci\u00f3n, el Estado y los municipios.<br>Como parte de este esfuerzo, el Alcalde Andr\u00e9s Mijes particip\u00f3 en una reuni\u00f3n encabezada por la Presidenta Claudia Sheinbaum en Palacio Nacional, donde 61 municipios del pa\u00eds acordaron reforzar las bases de una estrategia conjunta para fortalecer la seguridad en las comunidades.<br>El encuentro reuni\u00f3 a autoridades federales, estatales y municipales con el objetivo de consolidar una ruta de trabajo coordinada que permita potenciar las acciones de prevenci\u00f3n, vigilancia e inteligencia en el territorio.<br>Durante la reuni\u00f3n se revisaron mecanismos de colaboraci\u00f3n entre los tres niveles de gobierno para alinear pol\u00edticas p\u00fablicas y fortalecer los resultados en materia de seguridad.<br>&#8220;Vamos a hacer un trabajo, una estrategia en coordinaci\u00f3n con el gobierno de la Rep\u00fablica para mejorar esos \u00edndices de percepci\u00f3n de inseguridad, un trabajo multidisciplinario que es en coordinaci\u00f3n de la Presidencia de la Rep\u00fablica con los municipios&#8221;.<br>&#8220;La Presidenta Claudia Sheinbaum Pardo nos manifest\u00f3 su deseo de colaborar con los municipios. Hay que recordar que la Presidenta fue presidenta municipal, entonces entiende los problemas a los que se enfrenta un municipio&#8221;, expres\u00f3 Mijes.<br>En este contexto, el Alcalde Andr\u00e9s Mijes explic\u00f3 que en Escobedo se impulsar\u00e1n proyectos enfocados en fortalecer el tejido social y generar entornos m\u00e1s seguros para las familias.<br>Entre estas acciones se contempla la construcci\u00f3n de un nuevo Centro Comunitario y una Preparatoria, infraestructura que permitir\u00e1 ampliar las oportunidades educativas y comunitarias en el municipio.<br>Adem\u00e1s, se impulsar\u00e1 el proyecto de Senderos Seguros en la zona de la Alianza, iniciativa que busca mejorar los espacios p\u00fablicos y reforzar la seguridad en \u00e1reas de tr\u00e1nsito cotidiano.<br>Estas acciones forman parte de una estrategia que combina prevenci\u00f3n social, desarrollo comunitario y coordinaci\u00f3n institucional para blindar a Escobedo con inteligencia.<br>Bajo este enfoque, el municipio continuar\u00e1 alineando su trabajo con la estrategia nacional para fortalecer la seguridad y consolidar comunidades con mayor tranquilidad y bienestar, como lo impulsa el modelo de la 4T Norte\u00f1a.<\/p>\n","protected":false},"excerpt":{"rendered":"<p>Escobedo se suma al fortalecimiento de la estrategia nacional de seguridad para avanzar en la construcci\u00f3n de comunidades m\u00e1s seguras, mediante una coordinaci\u00f3n estrecha entre la Federaci\u00f3n, el Estado y los municipios.Como parte de este esfuerzo, el Alcalde Andr\u00e9s Mijes particip\u00f3 en una reuni\u00f3n encabezada por la Presidenta Claudia Sheinbaum en Palacio Nacional, donde 61 [&hellip;]<\/p>\n","protected":false},"author":1,"featured_media":145797,"comment_status":"open","ping_status":"open","sticky":true,"template":"","format":"standard","meta":{"footnotes":""},"categories":[6,1],"tags":[],"_links":{"self":[{"href":"https:\/\/diariodigitalmx.com\/index.php\/wp-json\/wp\/v2\/posts\/145795"}],"collection":[{"href":"https:\/\/diariodigitalmx.com\/index.php\/wp-json\/wp\/v2\/posts"}],"about":[{"href":"https:\/\/diariodigitalmx.com\/index.php\/wp-json\/wp\/v2\/types\/post"}],"author":[{"embeddable":true,"href":"https:\/\/diariodigitalmx.com\/index.php\/wp-json\/wp\/v2\/users\/1"}],"replies":[{"embeddable":true,"href":"https:\/\/diariodigitalmx.com\/index.php\/wp-json\/wp\/v2\/comments?post=145795"}],"version-history":[{"count":1,"href":"https:\/\/diariodigitalmx.com\/index.php\/wp-json\/wp\/v2\/posts\/145795\/revisions"}],"predecessor-version":[{"id":145796,"href":"https:\/\/diariodigitalmx.com\/index.php\/wp-json\/wp\/v2\/posts\/145795\/revisions\/145796"}],"wp:featuredmedia":[{"embeddable":true,"href":"https:\/\/diariodigitalmx.com\/index.php\/wp-json\/wp\/v2\/media\/145797"}],"wp:attachment":[{"href":"https:\/\/diariodigitalmx.com\/index.php\/wp-json\/wp\/v2\/media?parent=145795"}],"wp:term":[{"taxonomy":"category","embeddable":true,"href":"https:\/\/diariodigitalmx.com\/index.php\/wp-json\/wp\/v2\/categories?post=145795"},{"taxonomy":"post_tag","embeddable":true,"href":"https:\/\/diariodigitalmx.com\/index.php\/wp-json\/wp\/v2\/tags?post=145795"}],"curies":[{"name":"wp","href":"https:\/\/api.w.org\/{rel}","templated":true}]}}