{"id":145813,"date":"2026-03-11T22:59:31","date_gmt":"2026-03-12T04:59:31","guid":{"rendered":"https:\/\/diariodigitalmx.com\/?p=145813"},"modified":"2026-03-11T23:01:20","modified_gmt":"2026-03-12T05:01:20","slug":"benefician-con-barrio-de-mi-corazon-a-la-colonia-10-de-marzo","status":"publish","type":"post","link":"https:\/\/diariodigitalmx.com\/index.php\/2026\/03\/11\/benefician-con-barrio-de-mi-corazon-a-la-colonia-10-de-marzo\/","title":{"rendered":"Benefician con Barrio de mi Coraz\u00f3n a la colonia 10 de Marzo"},"content":{"rendered":"\n<figure class=\"wp-block-image size-large\"><img loading=\"lazy\" decoding=\"async\" width=\"1024\" height=\"683\" src=\"https:\/\/diariodigitalmx.com\/wp-content\/uploads\/2026\/03\/248284-1024x683.jpg\" alt=\"\" class=\"wp-image-145817\" srcset=\"https:\/\/diariodigitalmx.com\/wp-content\/uploads\/2026\/03\/248284-1024x683.jpg 1024w, https:\/\/diariodigitalmx.com\/wp-content\/uploads\/2026\/03\/248284-300x200.jpg 300w, https:\/\/diariodigitalmx.com\/wp-content\/uploads\/2026\/03\/248284-768x512.jpg 768w, https:\/\/diariodigitalmx.com\/wp-content\/uploads\/2026\/03\/248284-1536x1024.jpg 1536w, https:\/\/diariodigitalmx.com\/wp-content\/uploads\/2026\/03\/248284-2048x1365.jpg 2048w\" sizes=\"(max-width: 1024px) 100vw, 1024px\" \/><\/figure>\n\n\n\n<p>\u00b7&nbsp;&nbsp;&nbsp;&nbsp;&nbsp;&nbsp;&nbsp;&nbsp;&nbsp;<em>Por primera vez se ofreci\u00f3 capacitaci\u00f3n a cargo del Colegio de Profesionistas.<\/em><\/p>\n\n\n\n<p>El alcalde de Monterrey, Adri\u00e1n de la Garza Santos, encabez\u00f3 el programa Barrio de mi Coraz\u00f3n en la colonia 10 de Marzo, para acercar los servicios de su gobierno hasta los habitantes de dicho sector.<\/p>\n\n\n\n<p>El Presidente Municipal estuvo acompa\u00f1ado de su esposa la presidenta del DIF, Gaby Oyervides, y del Secretario de Participaci\u00f3n Ciudadana, Rafa Ramos.<\/p>\n\n\n\n<figure class=\"wp-block-image size-large\"><img loading=\"lazy\" decoding=\"async\" width=\"1024\" height=\"683\" src=\"https:\/\/diariodigitalmx.com\/wp-content\/uploads\/2026\/03\/248285-1024x683.jpg\" alt=\"\" class=\"wp-image-145818\" srcset=\"https:\/\/diariodigitalmx.com\/wp-content\/uploads\/2026\/03\/248285-1024x683.jpg 1024w, https:\/\/diariodigitalmx.com\/wp-content\/uploads\/2026\/03\/248285-300x200.jpg 300w, https:\/\/diariodigitalmx.com\/wp-content\/uploads\/2026\/03\/248285-768x512.jpg 768w, https:\/\/diariodigitalmx.com\/wp-content\/uploads\/2026\/03\/248285-1536x1024.jpg 1536w, https:\/\/diariodigitalmx.com\/wp-content\/uploads\/2026\/03\/248285-2048x1365.jpg 2048w\" sizes=\"(max-width: 1024px) 100vw, 1024px\" \/><\/figure>\n\n\n\n<p>Durante el recorrido el edil parti\u00f3 el pastel conmemorativo al 76 aniversario de la colonia y posteriormente, devel\u00f3 el mural donde se retrat\u00f3 al se\u00f1or Cenobio Rangel Rodr\u00edguez quien es vecino del lugar de toda la vida, y a las se\u00f1oras Ang\u00e9lica Rangel Hern\u00e1ndez y Mar\u00eda Esperanza Rivera, con 50 y 55 a\u00f1os respectivamente, de ser habitantes del sector.<\/p>\n\n\n\n<p>Los servicios que se acercaron fueron de Patrimonio Seguro como tr\u00e1mite de testamentos, asesor\u00edas jur\u00eddicas en juicios sucesorios y de intestado.<\/p>\n\n\n\n<figure class=\"wp-block-image size-large\"><img loading=\"lazy\" decoding=\"async\" width=\"1024\" height=\"683\" src=\"https:\/\/diariodigitalmx.com\/wp-content\/uploads\/2026\/03\/248283-1024x683.jpg\" alt=\"\" class=\"wp-image-145819\" srcset=\"https:\/\/diariodigitalmx.com\/wp-content\/uploads\/2026\/03\/248283-1024x683.jpg 1024w, https:\/\/diariodigitalmx.com\/wp-content\/uploads\/2026\/03\/248283-300x200.jpg 300w, https:\/\/diariodigitalmx.com\/wp-content\/uploads\/2026\/03\/248283-768x512.jpg 768w, https:\/\/diariodigitalmx.com\/wp-content\/uploads\/2026\/03\/248283-1536x1024.jpg 1536w, https:\/\/diariodigitalmx.com\/wp-content\/uploads\/2026\/03\/248283-2048x1365.jpg 2048w\" sizes=\"(max-width: 1024px) 100vw, 1024px\" \/><\/figure>\n\n\n\n<p>De la misma forma se hizo entrega de Tarjetas Regia Plus, se registr\u00f3 a usuarios de Regio Ruta y por primera vez, se realiz\u00f3 una capacitaci\u00f3n de oficios a cargo del Colegio de Profesionistas.<\/p>\n\n\n\n<p>Adem\u00e1s, hubo bolsa de empleo, aplicaci\u00f3n de vacunas por parte del DIF, atenci\u00f3n a mascotas a trav\u00e9s de Bienestar Animal, y las actividades l\u00fadicas y recreativas ya tradicionales como la loter\u00eda, lucha libre y juegos infantiles.<\/p>\n\n\n\n<p>Previamente, la Secretar\u00eda de Servicios P\u00fablicos recolect\u00f3 9.5 toneladas de basura, cacharros, y escombro.<\/p>\n\n\n\n<p>Asimismo, realiz\u00f3 el deshierbe de 8 mil 720 metros cuadrados de terrenos, pod\u00f3 70 \u00e1rboles, retir\u00f3 400 metros lineales de cable en desuso, pint\u00f3 800 metros de cordones y 400 metros cuadrados de banquetas.<\/p>\n\n\n\n<p>En la intervenci\u00f3n tambi\u00e9n se taparon 58 baches, se rehabilitaron 283 metros cuadrados de carpeta asf\u00e1ltica y se dio mantenimiento a 130 luminarias LED.<\/p>\n\n\n\n<p>A esta feria de servicios asistieron el jefe del Gabinete, Fernando Marg\u00e1in, el secretario de Administraci\u00f3n, Marcelo Segovia y la directora del Instituto de la Juventud Regia, Maday Cant\u00fa.<\/p>\n","protected":false},"excerpt":{"rendered":"<p>\u00b7&nbsp;&nbsp;&nbsp;&nbsp;&nbsp;&nbsp;&nbsp;&nbsp;&nbsp;Por primera vez se ofreci\u00f3 capacitaci\u00f3n a cargo del Colegio de Profesionistas. El alcalde de Monterrey, Adri\u00e1n de la Garza Santos, encabez\u00f3 el programa Barrio de mi Coraz\u00f3n en la colonia 10 de Marzo, para acercar los servicios de su gobierno hasta los habitantes de dicho sector. El Presidente Municipal estuvo acompa\u00f1ado de su esposa [&hellip;]<\/p>\n","protected":false},"author":1,"featured_media":145815,"comment_status":"open","ping_status":"open","sticky":true,"template":"","format":"standard","meta":{"footnotes":""},"categories":[6],"tags":[],"_links":{"self":[{"href":"https:\/\/diariodigitalmx.com\/index.php\/wp-json\/wp\/v2\/posts\/145813"}],"collection":[{"href":"https:\/\/diariodigitalmx.com\/index.php\/wp-json\/wp\/v2\/posts"}],"about":[{"href":"https:\/\/diariodigitalmx.com\/index.php\/wp-json\/wp\/v2\/types\/post"}],"author":[{"embeddable":true,"href":"https:\/\/diariodigitalmx.com\/index.php\/wp-json\/wp\/v2\/users\/1"}],"replies":[{"embeddable":true,"href":"https:\/\/diariodigitalmx.com\/index.php\/wp-json\/wp\/v2\/comments?post=145813"}],"version-history":[{"count":2,"href":"https:\/\/diariodigitalmx.com\/index.php\/wp-json\/wp\/v2\/posts\/145813\/revisions"}],"predecessor-version":[{"id":145820,"href":"https:\/\/diariodigitalmx.com\/index.php\/wp-json\/wp\/v2\/posts\/145813\/revisions\/145820"}],"wp:featuredmedia":[{"embeddable":true,"href":"https:\/\/diariodigitalmx.com\/index.php\/wp-json\/wp\/v2\/media\/145815"}],"wp:attachment":[{"href":"https:\/\/diariodigitalmx.com\/index.php\/wp-json\/wp\/v2\/media?parent=145813"}],"wp:term":[{"taxonomy":"category","embeddable":true,"href":"https:\/\/diariodigitalmx.com\/index.php\/wp-json\/wp\/v2\/categories?post=145813"},{"taxonomy":"post_tag","embeddable":true,"href":"https:\/\/diariodigitalmx.com\/index.php\/wp-json\/wp\/v2\/tags?post=145813"}],"curies":[{"name":"wp","href":"https:\/\/api.w.org\/{rel}","templated":true}]}}