{"id":145821,"date":"2026-03-11T23:11:04","date_gmt":"2026-03-12T05:11:04","guid":{"rendered":"https:\/\/diariodigitalmx.com\/?p=145821"},"modified":"2026-03-12T13:07:45","modified_gmt":"2026-03-12T19:07:45","slug":"aprueba-congreso-de-nl-subsidio-para-tarifas-sociales-en-transporte-urbano","status":"publish","type":"post","link":"https:\/\/diariodigitalmx.com\/index.php\/2026\/03\/11\/aprueba-congreso-de-nl-subsidio-para-tarifas-sociales-en-transporte-urbano\/","title":{"rendered":"Aprueba Congreso de NL, subsidio para tarifas sociales en transporte urbano"},"content":{"rendered":"\n<p>El Congreso del Estado aprob\u00f3 por mayor\u00eda el dictamen para el subsidio de las tarifas del transporte p\u00fablico.<\/p>\n\n\n\n<p>Fueron un total de 33 votos a favor y nueve en abstenci\u00f3n de la bancada de Movimiento Ciudadano los registrados en la votaci\u00f3n del dictamen.<\/p>\n\n\n\n<p>La Diputada de Acci\u00f3n Nacional y Presidenta de la Comisi\u00f3n de Movilidad, Aile Tamez de la Paz ley\u00f3 el dictamen.<\/p>\n\n\n\n<p>En el mismo se establece que el Instituto de Movilidad y Metrorrey, conforme deber\u00e1n establecer y ofrecer tarifas sociales e incentivos en beneficio de los usuarios del transporte p\u00fablico y fomentar el uso del transporte p\u00fablico con la integraci\u00f3n tarifaria de las diferentes modalidades.<\/p>\n\n\n\n<p>Para ello, el Ejecutivo del Estado constituir\u00e1 un Fondo de Apoyo para las Personas Usuarias del Transporte P\u00fablico cuyo destino ser\u00e1 otorgar las tarifas sociales e incentivos en beneficio de adultos mayores, personas con discapacidad, estudiantes; as\u00ed como para personas usuarias en general con la finalidad de mitigar el impacto inflacionario de los diferentes costos.<\/p>\n\n\n\n<p>Las tarifas sociales aplicables a los servicios y modalidades del transporte p\u00fablico urbano ser\u00e1n las siguientes:<\/p>\n\n\n\n<p>Tarifa multiviajes: Se ofrecer\u00e1 a los usuarios una tarifa menor para pases de 7 viajes, 20 viajes y 30 viajes teniendo vigencia de hasta 30 d\u00edas h\u00e1biles.<\/p>\n\n\n\n<p>Tarifa de transbordos: Se ofrecer\u00e1 a los usuarios una tarifa \u00fanica para realizar viajes durante el d\u00eda.<\/p>\n\n\n\n<p>Tarifa preferencial: Se otorgar\u00e1 como m\u00ednimo una tarifa del 25% de descuento a los supuestos establecidos en el art\u00edculo 70 fracci\u00f3n III de la presente Ley.<\/p>\n","protected":false},"excerpt":{"rendered":"<p>El Congreso del Estado aprob\u00f3 por mayor\u00eda el dictamen para el subsidio de las tarifas del transporte p\u00fablico. Fueron un total de 33 votos a favor y nueve en abstenci\u00f3n de la bancada de Movimiento Ciudadano los registrados en la votaci\u00f3n del dictamen. La Diputada de Acci\u00f3n Nacional y Presidenta de la Comisi\u00f3n de Movilidad, [&hellip;]<\/p>\n","protected":false},"author":1,"featured_media":145862,"comment_status":"open","ping_status":"open","sticky":true,"template":"","format":"standard","meta":{"footnotes":""},"categories":[6],"tags":[],"_links":{"self":[{"href":"https:\/\/diariodigitalmx.com\/index.php\/wp-json\/wp\/v2\/posts\/145821"}],"collection":[{"href":"https:\/\/diariodigitalmx.com\/index.php\/wp-json\/wp\/v2\/posts"}],"about":[{"href":"https:\/\/diariodigitalmx.com\/index.php\/wp-json\/wp\/v2\/types\/post"}],"author":[{"embeddable":true,"href":"https:\/\/diariodigitalmx.com\/index.php\/wp-json\/wp\/v2\/users\/1"}],"replies":[{"embeddable":true,"href":"https:\/\/diariodigitalmx.com\/index.php\/wp-json\/wp\/v2\/comments?post=145821"}],"version-history":[{"count":1,"href":"https:\/\/diariodigitalmx.com\/index.php\/wp-json\/wp\/v2\/posts\/145821\/revisions"}],"predecessor-version":[{"id":145822,"href":"https:\/\/diariodigitalmx.com\/index.php\/wp-json\/wp\/v2\/posts\/145821\/revisions\/145822"}],"wp:featuredmedia":[{"embeddable":true,"href":"https:\/\/diariodigitalmx.com\/index.php\/wp-json\/wp\/v2\/media\/145862"}],"wp:attachment":[{"href":"https:\/\/diariodigitalmx.com\/index.php\/wp-json\/wp\/v2\/media?parent=145821"}],"wp:term":[{"taxonomy":"category","embeddable":true,"href":"https:\/\/diariodigitalmx.com\/index.php\/wp-json\/wp\/v2\/categories?post=145821"},{"taxonomy":"post_tag","embeddable":true,"href":"https:\/\/diariodigitalmx.com\/index.php\/wp-json\/wp\/v2\/tags?post=145821"}],"curies":[{"name":"wp","href":"https:\/\/api.w.org\/{rel}","templated":true}]}}