{"id":145823,"date":"2026-03-11T23:27:02","date_gmt":"2026-03-12T05:27:02","guid":{"rendered":"https:\/\/diariodigitalmx.com\/?p=145823"},"modified":"2026-03-11T23:31:10","modified_gmt":"2026-03-12T05:31:10","slug":"entregan-reconocimiento-a-karla-chairez-policia-de-san-nicolas-de-los-garza","status":"publish","type":"post","link":"https:\/\/diariodigitalmx.com\/index.php\/2026\/03\/11\/entregan-reconocimiento-a-karla-chairez-policia-de-san-nicolas-de-los-garza\/","title":{"rendered":"Entregan reconocimiento a Karla Chairez, polic\u00eda de San Nicol\u00e1s de los Garza"},"content":{"rendered":"\n<figure class=\"wp-block-image size-full\"><img loading=\"lazy\" decoding=\"async\" width=\"400\" height=\"267\" src=\"https:\/\/diariodigitalmx.com\/wp-content\/uploads\/2026\/03\/248324.jpg\" alt=\"\" class=\"wp-image-145826\" srcset=\"https:\/\/diariodigitalmx.com\/wp-content\/uploads\/2026\/03\/248324.jpg 400w, https:\/\/diariodigitalmx.com\/wp-content\/uploads\/2026\/03\/248324-300x200.jpg 300w\" sizes=\"(max-width: 400px) 100vw, 400px\" \/><\/figure>\n\n\n\n<p>Karla Catalina Chairez Cort\u00e9s, elemento de la polic\u00eda del municipio de San Nicol\u00e1s de los Garza, recibi\u00f3 un reconocimiento por parte del Congreso del Estado por su acci\u00f3n de salvaguardar la vida de dos menores de edad, al aplicar el protocolo policial.<br>La propuesta del homenaje la hizo el diputado del Partido Acci\u00f3n Nacional, Mauro Guerra Villarreal, quien destac\u00f3 que el reconocimiento es merecido por su actuaci\u00f3n, por su temple y por su compromiso con su deber.<br>En enero pasado la tambi\u00e9n supervisora del turno nocturno de la polic\u00eda nicola\u00edta, se viraliz\u00f3 en redes sociales cuando resguard\u00f3 a dos menores de edad, que viajaban en un veh\u00edculo en estado de ebriedad para salvaguardar su seguridad, y no cedi\u00f3 a las presiones de sus padres para que se los entregara en ese momento, al aplicar el protocolo.<br>En su intervenci\u00f3n Guerra Villarreal asegur\u00f3 que a ning\u00fan padre le gustar\u00eda recibir una llamada en la madrugada que le cambiara la vida, al saber que un hijo particip\u00f3 en un accidente.<\/p>\n\n\n\n<figure class=\"wp-block-image size-full\"><img loading=\"lazy\" decoding=\"async\" width=\"400\" height=\"267\" src=\"https:\/\/diariodigitalmx.com\/wp-content\/uploads\/2026\/03\/248335.jpg\" alt=\"\" class=\"wp-image-145831\" srcset=\"https:\/\/diariodigitalmx.com\/wp-content\/uploads\/2026\/03\/248335.jpg 400w, https:\/\/diariodigitalmx.com\/wp-content\/uploads\/2026\/03\/248335-300x200.jpg 300w\" sizes=\"(max-width: 400px) 100vw, 400px\" \/><\/figure>\n\n\n\n<p>Sin embargo gracias a la buena actuaci\u00f3n de Karla, eso no ocurri\u00f3 porque tom\u00f3 la decisi\u00f3n, que parece sencilla cuando se cuenta despu\u00e9s, pero que en el momento exige car\u00e1cter, convicci\u00f3n y una verdadera vocaci\u00f3n de servicio.<br>\u201cKarla decidi\u00f3 aplicar el protocolo y actuar conforme a la ley para resguardar la seguridad de todos; ese hecho se viraliz\u00f3 en redes sociales, hubo molestia, hubo presi\u00f3n, hubo reclamos.<br>\u201cPero Karla no cedi\u00f3, se mantuvo firme en su deber y continu\u00f3 con el protocolo salvaguardando en todo momento la integridad de los j\u00f3venes; porque entendi\u00f3 algo que debemos recordar siempre, la autoridad no est\u00e1 para agradar, la autoridad est\u00e1 para proteger y proteger, muchas veces, significa tomar decisiones que no son populares, pero que evitan tragedias\u201d.<br>Guerra Villarreal destac\u00f3 que el reconocimiento que se entreg\u00f3 Chairez Cort\u00e9s, debe servir para que a trav\u00e9s de ella se reconozca la labor de todas y todos los polic\u00edas de Nuevo Le\u00f3n quienes a diario salen a la calle con el compromiso de servir a nuestra sociedad.<\/p>\n\n\n\n<figure class=\"wp-block-image size-full\"><img loading=\"lazy\" decoding=\"async\" width=\"400\" height=\"267\" src=\"https:\/\/diariodigitalmx.com\/wp-content\/uploads\/2026\/03\/248333.jpg\" alt=\"\" class=\"wp-image-145832\" srcset=\"https:\/\/diariodigitalmx.com\/wp-content\/uploads\/2026\/03\/248333.jpg 400w, https:\/\/diariodigitalmx.com\/wp-content\/uploads\/2026\/03\/248333-300x200.jpg 300w\" sizes=\"(max-width: 400px) 100vw, 400px\" \/><\/figure>\n\n\n\n<p>Por su parte Itzel Castillo Almanza, presidenta de la mesa directiva del Congreso, manifest\u00f3 que Chairez Cort\u00e9s intervino de manera oportuna y responsable al resguardar a los menores de edad en estado de ebriedad, no los remiti\u00f3 a una celda con una actitud punitiva que se aplica a los infractores a las normas.<br>\u201cEste hecho no solo evidenci\u00f3 profesionalismo, sino tambi\u00e9n sensibilidad social, vocaci\u00f3n de servicio y un claro entendimiento de la funci\u00f3n preventiva que debe caracterizar a las corporaciones de seguridad p\u00fablica.<br>\u201cLa participaci\u00f3n de Karla, es un ejemplo de buenas pr\u00e1cticas policiales, al priorizar la integridad f\u00edsica de los menores de edad, respetar el marco normativo estatal y municipal, y promover la corresponsabilidad familiar\u201d.<\/p>\n\n\n\n<figure class=\"wp-block-gallery has-nested-images columns-default is-cropped wp-block-gallery-1 is-layout-flex wp-block-gallery-is-layout-flex\">\n<figure class=\"wp-block-image size-large\"><img loading=\"lazy\" decoding=\"async\" width=\"400\" height=\"267\" data-id=\"145834\" src=\"https:\/\/diariodigitalmx.com\/wp-content\/uploads\/2026\/03\/248331.jpg\" alt=\"\" class=\"wp-image-145834\" srcset=\"https:\/\/diariodigitalmx.com\/wp-content\/uploads\/2026\/03\/248331.jpg 400w, https:\/\/diariodigitalmx.com\/wp-content\/uploads\/2026\/03\/248331-300x200.jpg 300w\" sizes=\"(max-width: 400px) 100vw, 400px\" \/><\/figure>\n\n\n\n<figure class=\"wp-block-image size-large\"><img loading=\"lazy\" decoding=\"async\" width=\"400\" height=\"267\" data-id=\"145836\" src=\"https:\/\/diariodigitalmx.com\/wp-content\/uploads\/2026\/03\/248329-1.jpg\" alt=\"\" class=\"wp-image-145836\" srcset=\"https:\/\/diariodigitalmx.com\/wp-content\/uploads\/2026\/03\/248329-1.jpg 400w, https:\/\/diariodigitalmx.com\/wp-content\/uploads\/2026\/03\/248329-1-300x200.jpg 300w\" sizes=\"(max-width: 400px) 100vw, 400px\" \/><\/figure>\n\n\n\n<figure class=\"wp-block-image size-large\"><img loading=\"lazy\" decoding=\"async\" width=\"400\" height=\"267\" data-id=\"145835\" src=\"https:\/\/diariodigitalmx.com\/wp-content\/uploads\/2026\/03\/248330.jpg\" alt=\"\" class=\"wp-image-145835\" srcset=\"https:\/\/diariodigitalmx.com\/wp-content\/uploads\/2026\/03\/248330.jpg 400w, https:\/\/diariodigitalmx.com\/wp-content\/uploads\/2026\/03\/248330-300x200.jpg 300w\" sizes=\"(max-width: 400px) 100vw, 400px\" \/><\/figure>\n<\/figure>\n\n\n\n<p><br>Al espacio solemne de la sesi\u00f3n de este mi\u00e9rcoles asistieron familiares de la elemento de la polic\u00eda de San Nicol\u00e1s de los Garza; as\u00ed como Omar Orlando P\u00e9rez, Celina Hern\u00e1ndez, Carolina Celia Castillo, Camila Hinojosa Eduardo Torres Norma Theriot y Dora Cabral, integrantes del Republicano Ayuntamiento y Gerardo Trevi\u00f1o, secretario de Seguridad; el comandante, Miguel Mascorro y Francisco Dorantes, director de la Academia de Polic\u00eda.<\/p>\n","protected":false},"excerpt":{"rendered":"<p>Karla Catalina Chairez Cort\u00e9s, elemento de la polic\u00eda del municipio de San Nicol\u00e1s de los Garza, recibi\u00f3 un reconocimiento por parte del Congreso del Estado por su acci\u00f3n de salvaguardar la vida de dos menores de edad, al aplicar el protocolo policial.La propuesta del homenaje la hizo el diputado del Partido Acci\u00f3n Nacional, Mauro Guerra [&hellip;]<\/p>\n","protected":false},"author":1,"featured_media":145825,"comment_status":"open","ping_status":"open","sticky":true,"template":"","format":"standard","meta":{"footnotes":""},"categories":[14,6],"tags":[],"_links":{"self":[{"href":"https:\/\/diariodigitalmx.com\/index.php\/wp-json\/wp\/v2\/posts\/145823"}],"collection":[{"href":"https:\/\/diariodigitalmx.com\/index.php\/wp-json\/wp\/v2\/posts"}],"about":[{"href":"https:\/\/diariodigitalmx.com\/index.php\/wp-json\/wp\/v2\/types\/post"}],"author":[{"embeddable":true,"href":"https:\/\/diariodigitalmx.com\/index.php\/wp-json\/wp\/v2\/users\/1"}],"replies":[{"embeddable":true,"href":"https:\/\/diariodigitalmx.com\/index.php\/wp-json\/wp\/v2\/comments?post=145823"}],"version-history":[{"count":4,"href":"https:\/\/diariodigitalmx.com\/index.php\/wp-json\/wp\/v2\/posts\/145823\/revisions"}],"predecessor-version":[{"id":145838,"href":"https:\/\/diariodigitalmx.com\/index.php\/wp-json\/wp\/v2\/posts\/145823\/revisions\/145838"}],"wp:featuredmedia":[{"embeddable":true,"href":"https:\/\/diariodigitalmx.com\/index.php\/wp-json\/wp\/v2\/media\/145825"}],"wp:attachment":[{"href":"https:\/\/diariodigitalmx.com\/index.php\/wp-json\/wp\/v2\/media?parent=145823"}],"wp:term":[{"taxonomy":"category","embeddable":true,"href":"https:\/\/diariodigitalmx.com\/index.php\/wp-json\/wp\/v2\/categories?post=145823"},{"taxonomy":"post_tag","embeddable":true,"href":"https:\/\/diariodigitalmx.com\/index.php\/wp-json\/wp\/v2\/tags?post=145823"}],"curies":[{"name":"wp","href":"https:\/\/api.w.org\/{rel}","templated":true}]}}