{"id":145846,"date":"2026-03-12T08:35:51","date_gmt":"2026-03-12T14:35:51","guid":{"rendered":"https:\/\/diariodigitalmx.com\/?p=145846"},"modified":"2026-03-12T08:38:40","modified_gmt":"2026-03-12T14:38:40","slug":"con-la-gente-de-nuevo-leon-no","status":"publish","type":"post","link":"https:\/\/diariodigitalmx.com\/index.php\/2026\/03\/12\/con-la-gente-de-nuevo-leon-no\/","title":{"rendered":"\u00a1Con la gente de Nuevo Le\u00f3n\u2026 no!"},"content":{"rendered":"\n<p>Ra\u00fal Guajardo Cant\u00fa<\/p>\n\n\n\n<p>La frase que sirve de t\u00edtulo a esta colaboraci\u00f3n, fue pronunciada por el senador Waldo Fern\u00e1ndez el d\u00eda en que dictaron prisi\u00f3n preventiva oficiosa a Karina Barr\u00f3n. El senador asegur\u00f3 que si la priista pensaba que iba a dejar la denuncia en su contra, se equivocaban.<\/p>\n\n\n\n<p>\u201c\u00a1Conmigo no, con mi familia no, pero sobre todo, con la gente de Nuevo Le\u00f3n\u2026 no!\u201d fue lo que dijo Waldo. Entendemos y compartimos con \u00e9l su indignaci\u00f3n por el da\u00f1o moral sufrido por sus hijas y su exesposa. Como lo expres\u00f3 en la misma entrevista, ellas no tienen por qu\u00e9 sufrir debido al descr\u00e9dito que quisieron echar sobre \u00e9l.<\/p>\n\n\n\n<p>Absolutamente tiene raz\u00f3n Waldo. No se vale que la guerra sucia lastime a personas inocentes, como su familia. Lo que ya nos parece un poco exagerado es que se\u00f1ala que la gente de Nuevo Le\u00f3n tambi\u00e9n sufri\u00f3 las consecuencias.<\/p>\n\n\n\n<p>Ah\u00ed s\u00ed nos parece que el senador dio un paso enorme identific\u00e1ndose con el pueblo nuevoleon\u00e9s cuando no necesariamente este fue el ofendido por la denuncia en cuesti\u00f3n.<\/p>\n\n\n\n<p>Sobre todo cuando se\u00f1ala que quiz\u00e1 otorgue el perd\u00f3n ya que lo que quiere es limpiar su nombre, es decir lo importante no es la comisi\u00f3n de un delito, el presuntamente cometido por Karina Barr\u00f3n, y tampoco la aplicaci\u00f3n de la ley que como legislador prometi\u00f3 cumplir, sino solamente limpiar su nombre.<\/p>\n\n\n\n<p>Nos parece que el legislador no midi\u00f3 la respuesta que iba a recibir en redes sociales y cuando se dio cuenta de que podr\u00eda ser un problema en su b\u00fasqueda de la gubernatura, dio un paso atr\u00e1s y lo quiere presentar como un gesto magn\u00e1nimo hacia sus acusadores.<\/p>\n\n\n\n<p>Porque subrayar que \u201csobre todo con la gente de Nuevo Le\u00f3n no\u201d est\u00e1 enfatizando aquello que m\u00e1s le interesa: su futuro pol\u00edtico. Porque aunque a Waldo no le guste, la guerra sucia es parte de la pol\u00edtica y para muestra est\u00e1n muchos botones del sexenio anterior.<\/p>\n\n\n\n<p>Waldo, precisamente porque tiene posibilidades de ser candidato y quiz\u00e1 gobernador, debe asumir las reglas escritas y no escritas de las campa\u00f1as. No puede cometer un error como el de Labastida en aquel debate con Vicente Fox e intentar hacerse la v\u00edctima.<\/p>\n\n\n\n<p>Ese papel no funciona en Nuevo Le\u00f3n.<\/p>\n\n\n\n<p>Insistimos, que bueno que el senador Waldo Fern\u00e1ndez intente limpiar su nombre, por \u00e9l, por sus hijas y por su familia. Lo dem\u00e1s, intentar el uso de su defensa para fines pol\u00edticos, es hacer lo mismo que sus antiguos contrincantes.<\/p>\n\n\n\n<p>Y no senador, sus acusadores no ofendieron a la gente de Nuevo Le\u00f3n, ofendieron s\u00ed, a su familia, a sus hijas y a usted, pero quien entr\u00f3 en pol\u00edtica sabiendo c\u00f3mo se juega en ella y conociendo lo sucia que puede llegar a ser, fue usted.<\/p>\n\n\n\n<p>As\u00ed es que, as\u00ed como ahora quiere aprovechar los hechos en su favor, otros quisieron aprovechar las circunstancias en su contra.<\/p>\n\n\n\n<p>\u00c9chele para adelante, pero no se queje.<\/p>\n","protected":false},"excerpt":{"rendered":"<p>Ra\u00fal Guajardo Cant\u00fa La frase que sirve de t\u00edtulo a esta colaboraci\u00f3n, fue pronunciada por el senador Waldo Fern\u00e1ndez el d\u00eda en que dictaron prisi\u00f3n preventiva oficiosa a Karina Barr\u00f3n. El senador asegur\u00f3 que si la priista pensaba que iba a dejar la denuncia en su contra, se equivocaban. \u201c\u00a1Conmigo no, con mi familia no, [&hellip;]<\/p>\n","protected":false},"author":1,"featured_media":145516,"comment_status":"open","ping_status":"open","sticky":true,"template":"","format":"standard","meta":{"footnotes":""},"categories":[12],"tags":[],"_links":{"self":[{"href":"https:\/\/diariodigitalmx.com\/index.php\/wp-json\/wp\/v2\/posts\/145846"}],"collection":[{"href":"https:\/\/diariodigitalmx.com\/index.php\/wp-json\/wp\/v2\/posts"}],"about":[{"href":"https:\/\/diariodigitalmx.com\/index.php\/wp-json\/wp\/v2\/types\/post"}],"author":[{"embeddable":true,"href":"https:\/\/diariodigitalmx.com\/index.php\/wp-json\/wp\/v2\/users\/1"}],"replies":[{"embeddable":true,"href":"https:\/\/diariodigitalmx.com\/index.php\/wp-json\/wp\/v2\/comments?post=145846"}],"version-history":[{"count":2,"href":"https:\/\/diariodigitalmx.com\/index.php\/wp-json\/wp\/v2\/posts\/145846\/revisions"}],"predecessor-version":[{"id":145848,"href":"https:\/\/diariodigitalmx.com\/index.php\/wp-json\/wp\/v2\/posts\/145846\/revisions\/145848"}],"wp:featuredmedia":[{"embeddable":true,"href":"https:\/\/diariodigitalmx.com\/index.php\/wp-json\/wp\/v2\/media\/145516"}],"wp:attachment":[{"href":"https:\/\/diariodigitalmx.com\/index.php\/wp-json\/wp\/v2\/media?parent=145846"}],"wp:term":[{"taxonomy":"category","embeddable":true,"href":"https:\/\/diariodigitalmx.com\/index.php\/wp-json\/wp\/v2\/categories?post=145846"},{"taxonomy":"post_tag","embeddable":true,"href":"https:\/\/diariodigitalmx.com\/index.php\/wp-json\/wp\/v2\/tags?post=145846"}],"curies":[{"name":"wp","href":"https:\/\/api.w.org\/{rel}","templated":true}]}}