{"id":145853,"date":"2026-03-12T08:50:28","date_gmt":"2026-03-12T14:50:28","guid":{"rendered":"https:\/\/diariodigitalmx.com\/?p=145853"},"modified":"2026-03-12T08:51:16","modified_gmt":"2026-03-12T14:51:16","slug":"rechaza-heriberto-trevino-mas-tarifazos-al-transporte","status":"publish","type":"post","link":"https:\/\/diariodigitalmx.com\/index.php\/2026\/03\/12\/rechaza-heriberto-trevino-mas-tarifazos-al-transporte\/","title":{"rendered":"Rechaza Heriberto Trevi\u00f1o m\u00e1s \u201ctarifazos\u201d al transporte"},"content":{"rendered":"\n<p>Al condenar el nuevo \u201ctarifazo\u201d que pretende implementar el gobierno estatal al transporte p\u00fablico, el Coordinador del Grupo Legislativo del PRI, Heriberto Trevi\u00f1o Cant\u00fa, asegur\u00f3 que ser\u00eda un severo golpe a la econom\u00eda familiar, ya que la tarifa en rutas urbanas podr\u00eda alcanzar los 24.60 pesos.<\/p>\n\n\n\n<p>El legislador priista se\u00f1al\u00f3 que el transporte p\u00fablico es \u201cel tal\u00f3n de Aquiles\u201d del gobierno en turno, por lo que resulta inaceptable plantear un incremento cuando persisten graves deficiencias en el sistema de transporte como largas filas de espera, unidades en mal estado y tiempos de traslado excesivos que afectan la calidad de vida de miles de familias.<\/p>\n\n\n\n<p>\u201cVamos en contra de que esto suceda, primeramente, tienen que haber soluciones a este tema del transporte, que ha sido el tal\u00f3n de Aquiles desde esta administraci\u00f3n, desde que iniciaron no han podido darle el clavo con el transporte p\u00fablico, y hoy lo que pretendemos nosotros es unirnos, alzar la voz como lo hemos venido haciendo durante los \u00faltimos a\u00f1os y decir que es injusto este tarifazo que le estar\u00edan dando a la gente\u201d, enfatiz\u00f3.<\/p>\n\n\n\n<p>\u201cEs un exceso, lo que estamos viviendo es lamentable para el ciudadano que utiliza el transporte diario. Vemos, d\u00eda con d\u00eda, la deficiencia que tenemos en el transporte p\u00fablico, las largas filas de espera, el c\u00f3mo la gente batalla y sufre para trasladarse a sus empleos, horas-hombre, horas-mujer que se pierden ah\u00ed, de estar haciendo estas largas filas, ese tiempo en vez de aprovecharlo con su familia, pues lo echan a perder esperando a los camiones\u201d, lament\u00f3.<\/p>\n\n\n\n<p>El Coordinador del GLPRI record\u00f3 que ya existe un deslizamiento de tarifas, por lo que ser\u00eda especialmente grave un nuevo incremento, cuando muchas familias enfrentan dificultades econ\u00f3micas y los ingresos no alcanzan para cubrir las necesidades b\u00e1sicas, adem\u00e1s que va en contra del decreto aprobado por el Congreso para fijar las \u201ctarifas sociales\u201d y que el Ejecutivo se ha negado a publicar en el Peri\u00f3dico Oficial del Estado.<\/p>\n\n\n\n<p>\u201cEs un golpe muy fuerte al bolsillo de los ciudadanos, vemos d\u00eda con d\u00eda c\u00f3mo a la gente desafortunadamente no le alcanza y con lo poco que les aumentan de la inflaci\u00f3n y luego les aumenta estratosf\u00e9ricamente el medio de transporte, pues \u00bfa d\u00f3nde van a llegar?\u201d, apunt\u00f3.<\/p>\n\n\n\n<p>El l\u00edder de la bancada priista reiter\u00f3 que desde el Congreso del Estado continuar\u00e1n alzando la voz para defender a los ciudadanos y evitar que se concrete un nuevo aumento.<\/p>\n","protected":false},"excerpt":{"rendered":"<p>Al condenar el nuevo \u201ctarifazo\u201d que pretende implementar el gobierno estatal al transporte p\u00fablico, el Coordinador del Grupo Legislativo del PRI, Heriberto Trevi\u00f1o Cant\u00fa, asegur\u00f3 que ser\u00eda un severo golpe a la econom\u00eda familiar, ya que la tarifa en rutas urbanas podr\u00eda alcanzar los 24.60 pesos. El legislador priista se\u00f1al\u00f3 que el transporte p\u00fablico es [&hellip;]<\/p>\n","protected":false},"author":1,"featured_media":145855,"comment_status":"open","ping_status":"open","sticky":true,"template":"","format":"standard","meta":{"footnotes":""},"categories":[6,3,5],"tags":[],"_links":{"self":[{"href":"https:\/\/diariodigitalmx.com\/index.php\/wp-json\/wp\/v2\/posts\/145853"}],"collection":[{"href":"https:\/\/diariodigitalmx.com\/index.php\/wp-json\/wp\/v2\/posts"}],"about":[{"href":"https:\/\/diariodigitalmx.com\/index.php\/wp-json\/wp\/v2\/types\/post"}],"author":[{"embeddable":true,"href":"https:\/\/diariodigitalmx.com\/index.php\/wp-json\/wp\/v2\/users\/1"}],"replies":[{"embeddable":true,"href":"https:\/\/diariodigitalmx.com\/index.php\/wp-json\/wp\/v2\/comments?post=145853"}],"version-history":[{"count":1,"href":"https:\/\/diariodigitalmx.com\/index.php\/wp-json\/wp\/v2\/posts\/145853\/revisions"}],"predecessor-version":[{"id":145854,"href":"https:\/\/diariodigitalmx.com\/index.php\/wp-json\/wp\/v2\/posts\/145853\/revisions\/145854"}],"wp:featuredmedia":[{"embeddable":true,"href":"https:\/\/diariodigitalmx.com\/index.php\/wp-json\/wp\/v2\/media\/145855"}],"wp:attachment":[{"href":"https:\/\/diariodigitalmx.com\/index.php\/wp-json\/wp\/v2\/media?parent=145853"}],"wp:term":[{"taxonomy":"category","embeddable":true,"href":"https:\/\/diariodigitalmx.com\/index.php\/wp-json\/wp\/v2\/categories?post=145853"},{"taxonomy":"post_tag","embeddable":true,"href":"https:\/\/diariodigitalmx.com\/index.php\/wp-json\/wp\/v2\/tags?post=145853"}],"curies":[{"name":"wp","href":"https:\/\/api.w.org\/{rel}","templated":true}]}}