{"id":145871,"date":"2026-03-12T14:50:29","date_gmt":"2026-03-12T20:50:29","guid":{"rendered":"https:\/\/diariodigitalmx.com\/?p=145871"},"modified":"2026-03-12T14:54:08","modified_gmt":"2026-03-12T20:54:08","slug":"equipo-que-lanza-con-fuerza-y-escucha-con-el-corazon","status":"publish","type":"post","link":"https:\/\/diariodigitalmx.com\/index.php\/2026\/03\/12\/equipo-que-lanza-con-fuerza-y-escucha-con-el-corazon\/","title":{"rendered":"Equipo que lanza con fuerza y escucha con el coraz\u00f3n"},"content":{"rendered":"\n<figure class=\"wp-block-image size-full\"><img loading=\"lazy\" decoding=\"async\" width=\"612\" height=\"385\" src=\"https:\/\/diariodigitalmx.com\/wp-content\/uploads\/2026\/03\/249818.jpg\" alt=\"\" class=\"wp-image-145874\" srcset=\"https:\/\/diariodigitalmx.com\/wp-content\/uploads\/2026\/03\/249818.jpg 612w, https:\/\/diariodigitalmx.com\/wp-content\/uploads\/2026\/03\/249818-300x189.jpg 300w\" sizes=\"(max-width: 612px) 100vw, 612px\" \/><\/figure>\n\n\n\n<p>Charlas de taberna <\/p>\n\n\n\n<p>Marcos H. Valerio <\/p>\n\n\n\n<p>En un pa\u00eds donde el b\u00e9isbol es pasi\u00f3n nacional, Sordos M\u00e9xico escribe su propia historia: Hay un equipo mixto de b\u00e9isbol integrado por personas con discapacidad auditiva, hombres y mujeres que compiten, entrenan y sue\u00f1an en silencio, pero con un estruendo que resuena m\u00e1s all\u00e1 de los diamantes.<\/p>\n\n\n\n<p>El proyecto naci\u00f3 como una apuesta por la inclusi\u00f3n y hoy representa a M\u00e9xico en el escenario mundial. En febrero de 2024 viajaron a Taip\u00e9i para disputar la Primera Copa Mundial de B\u00e9isbol para Sordos, dejando huella como representantes oficiales del pa\u00eds. Ahora, la invitaci\u00f3n oficial ya est\u00e1 sobre la mesa: en noviembre de 2026 participar\u00e1n en la Segunda Copa Mundial en Jap\u00f3n.<\/p>\n\n\n\n<p>\u201cEs un gran paso para la inclusi\u00f3n en el deporte mexicano y para la comunidad sorda\u201d, explica Andrea V\u00e9lez, directora de la Fundaci\u00f3n Olmeca Hoy, principal impulsora del equipo. El objetivo inmediato es claro: expandir el proyecto a m\u00e1s estados, captar j\u00f3venes sordos en todo el pa\u00eds, generar torneos nacionales y formar selectivos competitivos que lleven la bandera tricolor a futuros mundiales.<\/p>\n\n\n\n<p>La preparaci\u00f3n rumbo a Tokio avanza en varios frentes. En la Ciudad de M\u00e9xico y zona metropolitana, los jugadores se integran a la Liga Olmeca \u2014la primera liga inclusiva del pa\u00eds\u2014. Los integrantes for\u00e1neos entrenan y juegan en sus localidades junto a familiares y amigos oyentes. El representativo nacional ha sostenido juegos de pr\u00e1ctica contra equipos de oyentes en Veracruz, Tlaxcala y Oaxaca, donde la Academia Guerreros de Oaxaca les abri\u00f3 sus puertas para sesiones intensas.<\/p>\n\n\n\n<figure class=\"wp-block-image size-full\"><img loading=\"lazy\" decoding=\"async\" width=\"296\" height=\"220\" src=\"https:\/\/diariodigitalmx.com\/wp-content\/uploads\/2026\/03\/249814.jpg\" alt=\"\" class=\"wp-image-145876\"\/><\/figure>\n\n\n\n<p>El sue\u00f1o a largo plazo es ambicioso: Convertir a M\u00e9xico en el primer pa\u00eds del continente en ser sede de una Copa Mundial de B\u00e9isbol para Sordos. Paralelamente, ya se trabaja en la formaci\u00f3n del equipo de softbol femenil Sordas M\u00e9xico, que inici\u00f3 entrenamientos en la Liga Olmeca.<\/p>\n\n\n\n<p>Sin embargo, el camino no ha sido f\u00e1cil. El equipo no cuenta con apoyos monetarios de gobierno ni de grandes patrocinadores. Cada viaje, concentraci\u00f3n y uniforme se ha financiado con rifas, venta de productos, colectas y donativos de personas convencidas del proyecto.<\/p>\n\n\n\n<p>Como donataria autorizada, reciben aportaciones deducibles de impuestos, pero siguen buscando fuentes de ingresos para volverse autosuficientes.<\/p>\n\n\n\n<figure class=\"wp-block-image size-full\"><img loading=\"lazy\" decoding=\"async\" width=\"189\" height=\"233\" src=\"https:\/\/diariodigitalmx.com\/wp-content\/uploads\/2026\/03\/249816.jpg\" alt=\"\" class=\"wp-image-145878\"\/><\/figure>\n\n\n\n<p>CASO SENSIBLE<br>En el peque\u00f1o pueblo pesquero de El Rosario, Baja California Sur, Sayra Peralta Valladolid aprendi\u00f3 desde ni\u00f1a que el silencio no es vac\u00edo. Sorda de nacimiento, a los ocho a\u00f1os encontr\u00f3 en el b\u00e9isbol su voz. Hoy, con 22 a\u00f1os, es la pitcher estelar de los Osos Naranja y una de las figuras del equipo nacional.<\/p>\n\n\n\n<p>\u201cEn el cuadro hay mujeres, pero como pitcher soy una rareza\u201d, cuenta con una sonrisa que no necesita sonido para transmitir orgullo. En Taip\u00e9i 2024, su brazo derecho dej\u00f3 mudos de admiraci\u00f3n a los aficionados asi\u00e1ticos, donde el b\u00e9isbol tiene d\u00e9cadas de tradici\u00f3n. En M\u00e9xico, su impacto es igual de profundo: durante un curso de verano en Oaxaca, los Guerreros detuvieron sus actividades para que los ni\u00f1os vieran a Sayra lanzar.<\/p>\n\n\n\n<figure class=\"wp-block-image size-full\"><img loading=\"lazy\" decoding=\"async\" width=\"384\" height=\"490\" src=\"https:\/\/diariodigitalmx.com\/wp-content\/uploads\/2026\/03\/249769.jpg\" alt=\"\" class=\"wp-image-145881\" srcset=\"https:\/\/diariodigitalmx.com\/wp-content\/uploads\/2026\/03\/249769.jpg 384w, https:\/\/diariodigitalmx.com\/wp-content\/uploads\/2026\/03\/249769-235x300.jpg 235w\" sizes=\"(max-width: 384px) 100vw, 384px\" \/><\/figure>\n\n\n\n<p>\u201cEl b\u00e9isbol me dio voz\u201d, resume Sayra sin pronunciar palabra. Su historia es la de todo Sordos M\u00e9xico: un equipo que no solo juega, sino que demuestra que el talento no escucha barreras, que el esfuerzo trasciende el sonido y que la inclusi\u00f3n no es un favor, sino un derecho que se gana en cada inning.<\/p>\n\n\n\n<p>Mientras preparan maletas para Jap\u00f3n, el equipo sigue buscando aliados, donativos y espacios. Porque cada strike de Sayra, cada robo de base, cada abrazo en el diamante, es tambi\u00e9n un mensaje claro: en el silencio se puede gritar muy fuerte. Y M\u00e9xico ya empieza a escuchar.<\/p>\n","protected":false},"excerpt":{"rendered":"<p>Charlas de taberna Marcos H. Valerio En un pa\u00eds donde el b\u00e9isbol es pasi\u00f3n nacional, Sordos M\u00e9xico escribe su propia historia: Hay un equipo mixto de b\u00e9isbol integrado por personas con discapacidad auditiva, hombres y mujeres que compiten, entrenan y sue\u00f1an en silencio, pero con un estruendo que resuena m\u00e1s all\u00e1 de los diamantes. El [&hellip;]<\/p>\n","protected":false},"author":1,"featured_media":145873,"comment_status":"open","ping_status":"open","sticky":true,"template":"","format":"standard","meta":{"footnotes":""},"categories":[8,14,5],"tags":[],"_links":{"self":[{"href":"https:\/\/diariodigitalmx.com\/index.php\/wp-json\/wp\/v2\/posts\/145871"}],"collection":[{"href":"https:\/\/diariodigitalmx.com\/index.php\/wp-json\/wp\/v2\/posts"}],"about":[{"href":"https:\/\/diariodigitalmx.com\/index.php\/wp-json\/wp\/v2\/types\/post"}],"author":[{"embeddable":true,"href":"https:\/\/diariodigitalmx.com\/index.php\/wp-json\/wp\/v2\/users\/1"}],"replies":[{"embeddable":true,"href":"https:\/\/diariodigitalmx.com\/index.php\/wp-json\/wp\/v2\/comments?post=145871"}],"version-history":[{"count":4,"href":"https:\/\/diariodigitalmx.com\/index.php\/wp-json\/wp\/v2\/posts\/145871\/revisions"}],"predecessor-version":[{"id":145882,"href":"https:\/\/diariodigitalmx.com\/index.php\/wp-json\/wp\/v2\/posts\/145871\/revisions\/145882"}],"wp:featuredmedia":[{"embeddable":true,"href":"https:\/\/diariodigitalmx.com\/index.php\/wp-json\/wp\/v2\/media\/145873"}],"wp:attachment":[{"href":"https:\/\/diariodigitalmx.com\/index.php\/wp-json\/wp\/v2\/media?parent=145871"}],"wp:term":[{"taxonomy":"category","embeddable":true,"href":"https:\/\/diariodigitalmx.com\/index.php\/wp-json\/wp\/v2\/categories?post=145871"},{"taxonomy":"post_tag","embeddable":true,"href":"https:\/\/diariodigitalmx.com\/index.php\/wp-json\/wp\/v2\/tags?post=145871"}],"curies":[{"name":"wp","href":"https:\/\/api.w.org\/{rel}","templated":true}]}}