{"id":145892,"date":"2026-03-13T11:26:50","date_gmt":"2026-03-13T17:26:50","guid":{"rendered":"https:\/\/diariodigitalmx.com\/?p=145892"},"modified":"2026-03-13T11:27:45","modified_gmt":"2026-03-13T17:27:45","slug":"herido-y-probablemente-desfigurado-el-nuevo-lider-irani","status":"publish","type":"post","link":"https:\/\/diariodigitalmx.com\/index.php\/2026\/03\/13\/herido-y-probablemente-desfigurado-el-nuevo-lider-irani\/","title":{"rendered":"Herido y probablemente desfigurado el nuevo l\u00edder iran\u00ed"},"content":{"rendered":"\n<p>Mojtaba Jamenei, nuevo l\u00edder irsn\u00edest\u00e1 &#8220;herido y probablemente desfigurado&#8221;, revel\u00f3 el Pent\u00e1gono.<br>&#8220;Sabemos que el nuevo supuesto -y no tan supremo- l\u00edder est\u00e1 herido y probablemente desfigurado&#8221;, declar\u00f3 Pete Hegseth, jefe del Pent\u00e1gono.<br>El funcionario dijo a la prensa que Estados Unidos e Israel han golpeado m\u00e1s de 15 mil objetivos desde el inicio de la guerra con Ir\u00e1n a finales del mes pasado; m\u00e1s se mil por d\u00eda.<br>Por otro lado Hegseth explico que los Estados Unidos designaron a un oficial ajeno al Comando Central estadounidense (CENTCOM), por sus siglas en ingl\u00e9s) para una investigaci\u00f3n sobre un ataque contra una escuela iran\u00ed.<br>Una investigaci\u00f3n interna en curso del Ej\u00e9rcito estadounidense indicaba que las fuerzas de EU fueron probablemente responsables del ataque contra la escuela de ni\u00f1as en el sur de Ir\u00e1n.<br>Coment\u00f3 que la investigaci\u00f3n durar\u00e1 todo el tiempo que sea necesario.<\/p>\n","protected":false},"excerpt":{"rendered":"<p>Mojtaba Jamenei, nuevo l\u00edder irsn\u00edest\u00e1 &#8220;herido y probablemente desfigurado&#8221;, revel\u00f3 el Pent\u00e1gono.&#8220;Sabemos que el nuevo supuesto -y no tan supremo- l\u00edder est\u00e1 herido y probablemente desfigurado&#8221;, declar\u00f3 Pete Hegseth, jefe del Pent\u00e1gono.El funcionario dijo a la prensa que Estados Unidos e Israel han golpeado m\u00e1s de 15 mil objetivos desde el inicio de la guerra [&hellip;]<\/p>\n","protected":false},"author":1,"featured_media":145894,"comment_status":"open","ping_status":"open","sticky":true,"template":"","format":"standard","meta":{"footnotes":""},"categories":[4,3,5],"tags":[],"_links":{"self":[{"href":"https:\/\/diariodigitalmx.com\/index.php\/wp-json\/wp\/v2\/posts\/145892"}],"collection":[{"href":"https:\/\/diariodigitalmx.com\/index.php\/wp-json\/wp\/v2\/posts"}],"about":[{"href":"https:\/\/diariodigitalmx.com\/index.php\/wp-json\/wp\/v2\/types\/post"}],"author":[{"embeddable":true,"href":"https:\/\/diariodigitalmx.com\/index.php\/wp-json\/wp\/v2\/users\/1"}],"replies":[{"embeddable":true,"href":"https:\/\/diariodigitalmx.com\/index.php\/wp-json\/wp\/v2\/comments?post=145892"}],"version-history":[{"count":2,"href":"https:\/\/diariodigitalmx.com\/index.php\/wp-json\/wp\/v2\/posts\/145892\/revisions"}],"predecessor-version":[{"id":145895,"href":"https:\/\/diariodigitalmx.com\/index.php\/wp-json\/wp\/v2\/posts\/145892\/revisions\/145895"}],"wp:featuredmedia":[{"embeddable":true,"href":"https:\/\/diariodigitalmx.com\/index.php\/wp-json\/wp\/v2\/media\/145894"}],"wp:attachment":[{"href":"https:\/\/diariodigitalmx.com\/index.php\/wp-json\/wp\/v2\/media?parent=145892"}],"wp:term":[{"taxonomy":"category","embeddable":true,"href":"https:\/\/diariodigitalmx.com\/index.php\/wp-json\/wp\/v2\/categories?post=145892"},{"taxonomy":"post_tag","embeddable":true,"href":"https:\/\/diariodigitalmx.com\/index.php\/wp-json\/wp\/v2\/tags?post=145892"}],"curies":[{"name":"wp","href":"https:\/\/api.w.org\/{rel}","templated":true}]}}