{"id":145896,"date":"2026-03-13T11:50:53","date_gmt":"2026-03-13T17:50:53","guid":{"rendered":"https:\/\/diariodigitalmx.com\/?p=145896"},"modified":"2026-03-13T11:51:23","modified_gmt":"2026-03-13T17:51:23","slug":"confirman-platicas-entre-estados-unidos-y-cuba","status":"publish","type":"post","link":"https:\/\/diariodigitalmx.com\/index.php\/2026\/03\/13\/confirman-platicas-entre-estados-unidos-y-cuba\/","title":{"rendered":"Confirman pl\u00e1ticas entre Estados Unidos y Cuba"},"content":{"rendered":"\n<p>Miguel D\u00edaz-Canel, presidente de Cuba, confirm\u00f3 que su gobierno sostiene pl\u00e1ticas con funcionarios de Estados Unidos en busca de soluci\u00f3n a las diferencias bilaterales que tienen ambas naciones.<br>El mandatario cubano que es adem\u00e1s primer secretario del Partido Comunista Cubano expres\u00f3 su voluntad de realizar estas pl\u00e1ticas sobre bases de igualdad y respeto a los sistemas pol\u00edticos de ambos Estados, a la soberan\u00eda y la autodeterminaci\u00f3n<br>Seg\u00fan la televisi\u00f3n cubana que ha difundido la informaci\u00f3n D\u00edaz-Canela se\u00f1al\u00f3 que \u201cfuncionarios cubanos han sostenido recientemente conversaciones con representantes del gobierno de los Estados Unidos\u201d.<br>La informaci\u00f3n se dio en el marco de una una reuni\u00f3n con miembros del PCC y del comit\u00e9 ejecutivo del Consejo de Ministros.<br>De acuerdo al presidente cubano se busca en primer lugar identificar los problemas bilaterales que necesitan una soluci\u00f3n a partir de la gravedad que tienen.<br>Asimismo, determinar la disposici\u00f3n de ambas partes de concretar acciones en beneficio de los pueblos identificar \u00e1reas de cooperaci\u00f3n.<br>\u201cEsta conversaciones han estado orientadas a buscar soluciones por la v\u00eda del di\u00e1logo a las diferencias bilaterales que tenemos entre las dos naciones\u201d, a\u00f1adi\u00f3 el presidente cubano.<\/p>\n","protected":false},"excerpt":{"rendered":"<p>Miguel D\u00edaz-Canel, presidente de Cuba, confirm\u00f3 que su gobierno sostiene pl\u00e1ticas con funcionarios de Estados Unidos en busca de soluci\u00f3n a las diferencias bilaterales que tienen ambas naciones.El mandatario cubano que es adem\u00e1s primer secretario del Partido Comunista Cubano expres\u00f3 su voluntad de realizar estas pl\u00e1ticas sobre bases de igualdad y respeto a los sistemas [&hellip;]<\/p>\n","protected":false},"author":1,"featured_media":145898,"comment_status":"open","ping_status":"open","sticky":true,"template":"","format":"standard","meta":{"footnotes":""},"categories":[4,3,5],"tags":[],"_links":{"self":[{"href":"https:\/\/diariodigitalmx.com\/index.php\/wp-json\/wp\/v2\/posts\/145896"}],"collection":[{"href":"https:\/\/diariodigitalmx.com\/index.php\/wp-json\/wp\/v2\/posts"}],"about":[{"href":"https:\/\/diariodigitalmx.com\/index.php\/wp-json\/wp\/v2\/types\/post"}],"author":[{"embeddable":true,"href":"https:\/\/diariodigitalmx.com\/index.php\/wp-json\/wp\/v2\/users\/1"}],"replies":[{"embeddable":true,"href":"https:\/\/diariodigitalmx.com\/index.php\/wp-json\/wp\/v2\/comments?post=145896"}],"version-history":[{"count":1,"href":"https:\/\/diariodigitalmx.com\/index.php\/wp-json\/wp\/v2\/posts\/145896\/revisions"}],"predecessor-version":[{"id":145897,"href":"https:\/\/diariodigitalmx.com\/index.php\/wp-json\/wp\/v2\/posts\/145896\/revisions\/145897"}],"wp:featuredmedia":[{"embeddable":true,"href":"https:\/\/diariodigitalmx.com\/index.php\/wp-json\/wp\/v2\/media\/145898"}],"wp:attachment":[{"href":"https:\/\/diariodigitalmx.com\/index.php\/wp-json\/wp\/v2\/media?parent=145896"}],"wp:term":[{"taxonomy":"category","embeddable":true,"href":"https:\/\/diariodigitalmx.com\/index.php\/wp-json\/wp\/v2\/categories?post=145896"},{"taxonomy":"post_tag","embeddable":true,"href":"https:\/\/diariodigitalmx.com\/index.php\/wp-json\/wp\/v2\/tags?post=145896"}],"curies":[{"name":"wp","href":"https:\/\/api.w.org\/{rel}","templated":true}]}}