{"id":145917,"date":"2026-03-14T16:39:46","date_gmt":"2026-03-14T22:39:46","guid":{"rendered":"https:\/\/diariodigitalmx.com\/?p=145917"},"modified":"2026-03-14T16:41:19","modified_gmt":"2026-03-14T22:41:19","slug":"presenta-awart-un-reflejo-de-las-artes-con-la-realidad-social","status":"publish","type":"post","link":"https:\/\/diariodigitalmx.com\/index.php\/2026\/03\/14\/presenta-awart-un-reflejo-de-las-artes-con-la-realidad-social\/","title":{"rendered":"Presenta AWART un reflejo de las Artes con la realidad social"},"content":{"rendered":"\n<p>Luis Cervantes \ud83d\udcdd<br>Tomar conciencia de la realidad a trav\u00e9s del Arte es el significado de &#8220;AWART&#8221; t\u00e9rmino con el que entitula su obra escrita Mayela Garc\u00eda quien se present\u00f3 en AKADEM ( San Pedro Garza Garc\u00eda).<br>&#8220;Lo que Yo hago es metodolog\u00eda para cruzar todo lo que es el Desarrollo Humano con las 7 Artes y los cinco sentidos.<\/p>\n\n\n\n<figure class=\"wp-block-image size-large\"><img loading=\"lazy\" decoding=\"async\" width=\"576\" height=\"1024\" src=\"https:\/\/diariodigitalmx.com\/wp-content\/uploads\/2026\/03\/254093-576x1024.jpg\" alt=\"\" class=\"wp-image-145922\" srcset=\"https:\/\/diariodigitalmx.com\/wp-content\/uploads\/2026\/03\/254093-576x1024.jpg 576w, https:\/\/diariodigitalmx.com\/wp-content\/uploads\/2026\/03\/254093-169x300.jpg 169w, https:\/\/diariodigitalmx.com\/wp-content\/uploads\/2026\/03\/254093-768x1366.jpg 768w, https:\/\/diariodigitalmx.com\/wp-content\/uploads\/2026\/03\/254093-864x1536.jpg 864w, https:\/\/diariodigitalmx.com\/wp-content\/uploads\/2026\/03\/254093.jpg 899w\" sizes=\"(max-width: 576px) 100vw, 576px\" \/><\/figure>\n\n\n\n<p>Surgi\u00f3 la idea en un viaje haciendo una din\u00e1mica con una persona desconocida y me gust\u00f3 tanto el resultado que dije voy hacer una obra que tenga un sentido profundo&#8221; explica Mayela.<br>De acuerdo con la autora, &#8220;AWART Nuestro reflejo a trav\u00e9s del Arte&#8221; es producto de una investigaci\u00f3n de viajes por distintos museos en el mundo donde ella descubri\u00f3 ese concepto que vincula el Arte con la realidad social de cada persona.<\/p>\n\n\n\n<figure class=\"wp-block-image size-large\"><img loading=\"lazy\" decoding=\"async\" width=\"993\" height=\"1024\" src=\"https:\/\/diariodigitalmx.com\/wp-content\/uploads\/2026\/03\/254098-993x1024.jpg\" alt=\"\" class=\"wp-image-145920\" srcset=\"https:\/\/diariodigitalmx.com\/wp-content\/uploads\/2026\/03\/254098-993x1024.jpg 993w, https:\/\/diariodigitalmx.com\/wp-content\/uploads\/2026\/03\/254098-291x300.jpg 291w, https:\/\/diariodigitalmx.com\/wp-content\/uploads\/2026\/03\/254098-768x792.jpg 768w, https:\/\/diariodigitalmx.com\/wp-content\/uploads\/2026\/03\/254098-1489x1536.jpg 1489w, https:\/\/diariodigitalmx.com\/wp-content\/uploads\/2026\/03\/254098.jpg 1551w\" sizes=\"(max-width: 993px) 100vw, 993px\" \/><\/figure>\n\n\n\n<p>&#8220;Es hacer conciencia a trav\u00e9s del Arte\u2026 tomando Conciencia como aceptar tu realidad, y a partir de ah\u00ed poder hacer transformaciones en tu vida&#8221;.<br>Es como convertirse en Curador de tu propia vida, \u00e9sa es la misiva de AWART&#8221;, indica .<br>La obra editada por 42 L\u00edneas consta de 230 p\u00e1ginas divididas en tres secciones:<br>Teor\u00eda , Pr\u00e1ctica y Soporte, que abracan las Siete manifestaciones del Arte: Arquitectura, Cine, Literatura, Pintura, Danza , M\u00fasica y Escultura.<br>&#8220;Este libro contiene 22 Activaciones art\u00edsticas que son para el lector en modo did\u00e1ctico, es decir, est\u00e1 dise\u00f1ado para que se raye y se hagan apuntes entre sus p\u00e1ginas&#8221; explic\u00f3 Mayela\u2026<br>Durante su presentaci\u00f3n Garc\u00eda Fuentes estuvo acompa\u00f1ada por Pierangely Parada Directora de 42 L\u00edneas y por Indira S\u00e1nchez Tapia ( Museo Marco ).<\/p>\n","protected":false},"excerpt":{"rendered":"<p>Luis Cervantes \ud83d\udcddTomar conciencia de la realidad a trav\u00e9s del Arte es el significado de &#8220;AWART&#8221; t\u00e9rmino con el que entitula su obra escrita Mayela Garc\u00eda quien se present\u00f3 en AKADEM ( San Pedro Garza Garc\u00eda).&#8220;Lo que Yo hago es metodolog\u00eda para cruzar todo lo que es el Desarrollo Humano con las 7 Artes y [&hellip;]<\/p>\n","protected":false},"author":1,"featured_media":145919,"comment_status":"open","ping_status":"open","sticky":true,"template":"","format":"standard","meta":{"footnotes":""},"categories":[11,14,5],"tags":[],"_links":{"self":[{"href":"https:\/\/diariodigitalmx.com\/index.php\/wp-json\/wp\/v2\/posts\/145917"}],"collection":[{"href":"https:\/\/diariodigitalmx.com\/index.php\/wp-json\/wp\/v2\/posts"}],"about":[{"href":"https:\/\/diariodigitalmx.com\/index.php\/wp-json\/wp\/v2\/types\/post"}],"author":[{"embeddable":true,"href":"https:\/\/diariodigitalmx.com\/index.php\/wp-json\/wp\/v2\/users\/1"}],"replies":[{"embeddable":true,"href":"https:\/\/diariodigitalmx.com\/index.php\/wp-json\/wp\/v2\/comments?post=145917"}],"version-history":[{"count":2,"href":"https:\/\/diariodigitalmx.com\/index.php\/wp-json\/wp\/v2\/posts\/145917\/revisions"}],"predecessor-version":[{"id":145923,"href":"https:\/\/diariodigitalmx.com\/index.php\/wp-json\/wp\/v2\/posts\/145917\/revisions\/145923"}],"wp:featuredmedia":[{"embeddable":true,"href":"https:\/\/diariodigitalmx.com\/index.php\/wp-json\/wp\/v2\/media\/145919"}],"wp:attachment":[{"href":"https:\/\/diariodigitalmx.com\/index.php\/wp-json\/wp\/v2\/media?parent=145917"}],"wp:term":[{"taxonomy":"category","embeddable":true,"href":"https:\/\/diariodigitalmx.com\/index.php\/wp-json\/wp\/v2\/categories?post=145917"},{"taxonomy":"post_tag","embeddable":true,"href":"https:\/\/diariodigitalmx.com\/index.php\/wp-json\/wp\/v2\/tags?post=145917"}],"curies":[{"name":"wp","href":"https:\/\/api.w.org\/{rel}","templated":true}]}}