{"id":145933,"date":"2026-03-15T12:26:33","date_gmt":"2026-03-15T18:26:33","guid":{"rendered":"https:\/\/diariodigitalmx.com\/?p=145933"},"modified":"2026-03-15T12:27:20","modified_gmt":"2026-03-15T18:27:20","slug":"descomposicion-social","status":"publish","type":"post","link":"https:\/\/diariodigitalmx.com\/index.php\/2026\/03\/15\/descomposicion-social\/","title":{"rendered":"Descomposici\u00f3n social\u2026"},"content":{"rendered":"\n<p>Cosas del Tony<br>Por: Antonio S\u00e1nchez R.<br>La evidente descomposici\u00f3n social que se est\u00e1 viviendo a nivel general en nuestro pa\u00eds, no empez\u00f3 ayer, ni hace cuatro o 10 a\u00f1os, sino que se ha venido dando de manera paulatina, conforme las grandes ciudades y todas las manchas urbanas van creciendo y convirti\u00e9ndose en masas informes, heterog\u00e9neas y tan diversificadas, que finalmente llegamos a dudar acerca de nuestra propia identidad regional.<br>Hemos visto c\u00f3mo al paso de los a\u00f1os, la deshumanizaci\u00f3n de la sociedad ha sido una caracter\u00edstica por dem\u00e1s visible, pese a que, parad\u00f3jicamente, se aparenta una cierta sensibilidad humana a la hora de tener frente a s\u00ed problemas en los que grandes sectores de la poblaci\u00f3n se ven afectados por fen\u00f3menos naturales como terremotos, ciclones, huracanes o hasta por los embates de la crisis galopante por la que transitamos cada d\u00eda desde hace ya casi cuatro d\u00e9cadas.<br>Nuestra sociedad pasa por una crisis terrible en todos los sentidos, no s\u00f3lo en lo econ\u00f3mico, sino tambi\u00e9n en lo pol\u00edtico y en lo social, pero esto no se ha dado de la noche a la ma\u00f1ana, sino que ha sido a trav\u00e9s de un proceso lento, en el que ha tenido mucho que ver la carencia de un verdadero liderazgo en todos los \u00e1mbitos, desde lo local hasta lo nacional.<br>La anarqu\u00eda campea por doquier y hasta en las llamadas \u201credes sociales\u201d se alcanza a percibir el comportamiento violento, v\u00eda el lenguaje, las descalificaciones, el insulto, la diatriba, la divulgaci\u00f3n mentirosa y hasta sospechosa de ciertos materiales que son presentados como si fuesen la \u201cverdad absoluta\u201d.<br>Pero, \u00bfqueremos que todas las cosas sean distintas? Empecemos por cambiar nosotros mismos, no esperemos a que otros hagan lo que tenemos qu\u00e9 hacer y si est\u00e1 en nosotros, hay que echarle una mano a los dem\u00e1s, sobre todo a aquellos que necesiten de un simple apoyo para alcanzar lo que est\u00e1 lejos de su alcance.<br>Un hecho recurrente y que en verdad viene ser factor importante en la situaci\u00f3n que se vive en nuestro pa\u00eds, es que en cada proceso electoral, se nos presenta un \u201cmen\u00fa\u201d contaminado y plagado de simples vividores de la pol\u00edtica, quienes ven m\u00e1s por sus intereses que por los de aquellos a los que prometieron representar y servir.<br>Quienes apostaron, desde el sexenio anterior, por un cambio en el que creyeron sin pesta\u00f1ear, refrendaron, aunque en menor cantidad, por la continuidad en la dirigencia del pa\u00eds, sin percatarse en ese momento que ser\u00eda el peor error de su vida o, m\u00e1s bien, el segundo peor error, pues el primero habr\u00eda sido el haber confiado en un pol\u00edtico resentido, traidor y corrupto que llev\u00f3 al pa\u00eds al peor desastre de la historia.<br>Hay quienes sostienen, pese a ver el rumbo que ha tomado la situaci\u00f3n general de nuestro pa\u00eds, que las cosas \u201cest\u00e1n bien\u201d y siguen trag\u00e1ndose el discurso oficial, siguen adormilados, hipnotizados por ese discurso cansino en el que se sostiene algo que est\u00e1 muy lejos de ser verdad. No se han dado cuenta de que la opci\u00f3n por la que votaron se est\u00e1 convirtiendo en aquello que so\u00f1aron cambiar: fuera el partido hegem\u00f3nico y adentro algo diferente.<br>El cambio para no cambiar. La Cuarta Transformaci\u00f3n ha sido, m\u00e1s que nada, un regreso al pasado, un retroceso en el que el partido en el poder se ha nutrido con los restos de los tr\u00e1nsfugas de aquel partido al que perteneci\u00f3 el mism\u00edsimo inventor de Morena.<br>La realidad es que nada ha cambiado y en resumidas cuentas, si queremos un cambio, debemos ayudar a que \u00e9ste se genere; si no estamos dispuestos a cambiar, entonces no hay que estorbar en el cambio, hay qu\u00e9 dejar libre el camino a otros que s\u00ed quieran tener un entorno diferente, un pa\u00eds m\u00e1s digno, un lugar en el que se pueda vivir mejor.<\/p>\n","protected":false},"excerpt":{"rendered":"<p>Cosas del TonyPor: Antonio S\u00e1nchez R.La evidente descomposici\u00f3n social que se est\u00e1 viviendo a nivel general en nuestro pa\u00eds, no empez\u00f3 ayer, ni hace cuatro o 10 a\u00f1os, sino que se ha venido dando de manera paulatina, conforme las grandes ciudades y todas las manchas urbanas van creciendo y convirti\u00e9ndose en masas informes, heterog\u00e9neas y [&hellip;]<\/p>\n","protected":false},"author":1,"featured_media":145935,"comment_status":"open","ping_status":"open","sticky":true,"template":"","format":"standard","meta":{"footnotes":""},"categories":[12],"tags":[],"_links":{"self":[{"href":"https:\/\/diariodigitalmx.com\/index.php\/wp-json\/wp\/v2\/posts\/145933"}],"collection":[{"href":"https:\/\/diariodigitalmx.com\/index.php\/wp-json\/wp\/v2\/posts"}],"about":[{"href":"https:\/\/diariodigitalmx.com\/index.php\/wp-json\/wp\/v2\/types\/post"}],"author":[{"embeddable":true,"href":"https:\/\/diariodigitalmx.com\/index.php\/wp-json\/wp\/v2\/users\/1"}],"replies":[{"embeddable":true,"href":"https:\/\/diariodigitalmx.com\/index.php\/wp-json\/wp\/v2\/comments?post=145933"}],"version-history":[{"count":1,"href":"https:\/\/diariodigitalmx.com\/index.php\/wp-json\/wp\/v2\/posts\/145933\/revisions"}],"predecessor-version":[{"id":145934,"href":"https:\/\/diariodigitalmx.com\/index.php\/wp-json\/wp\/v2\/posts\/145933\/revisions\/145934"}],"wp:featuredmedia":[{"embeddable":true,"href":"https:\/\/diariodigitalmx.com\/index.php\/wp-json\/wp\/v2\/media\/145935"}],"wp:attachment":[{"href":"https:\/\/diariodigitalmx.com\/index.php\/wp-json\/wp\/v2\/media?parent=145933"}],"wp:term":[{"taxonomy":"category","embeddable":true,"href":"https:\/\/diariodigitalmx.com\/index.php\/wp-json\/wp\/v2\/categories?post=145933"},{"taxonomy":"post_tag","embeddable":true,"href":"https:\/\/diariodigitalmx.com\/index.php\/wp-json\/wp\/v2\/tags?post=145933"}],"curies":[{"name":"wp","href":"https:\/\/api.w.org\/{rel}","templated":true}]}}