{"id":145939,"date":"2026-03-15T14:44:06","date_gmt":"2026-03-15T20:44:06","guid":{"rendered":"https:\/\/diariodigitalmx.com\/?p=145939"},"modified":"2026-03-15T14:46:53","modified_gmt":"2026-03-15T20:46:53","slug":"vibra-san-pedro-con-su-primer-medio-maraton","status":"publish","type":"post","link":"https:\/\/diariodigitalmx.com\/index.php\/2026\/03\/15\/vibra-san-pedro-con-su-primer-medio-maraton\/","title":{"rendered":"Vibra San Pedro con su primer Medio Marat\u00f3n"},"content":{"rendered":"\n<p>Por: Ra\u00fal Guevara Ortiz\/Prensa Trotime.- Nuevamente la belleza arquitect\u00f3nica del Puente Atirantado se visti\u00f3 de gala para recibir a m\u00e1s de 6 mil corredores participantes en la 1\u00aa. Edici\u00f3n del Medio Marat\u00f3n San Pedro.<\/p>\n\n\n\n<figure class=\"wp-block-image size-large\"><img loading=\"lazy\" decoding=\"async\" width=\"1024\" height=\"682\" src=\"https:\/\/diariodigitalmx.com\/wp-content\/uploads\/2026\/03\/255615-1024x682.jpg\" alt=\"\" class=\"wp-image-145943\" srcset=\"https:\/\/diariodigitalmx.com\/wp-content\/uploads\/2026\/03\/255615-1024x682.jpg 1024w, https:\/\/diariodigitalmx.com\/wp-content\/uploads\/2026\/03\/255615-300x200.jpg 300w, https:\/\/diariodigitalmx.com\/wp-content\/uploads\/2026\/03\/255615-768x512.jpg 768w, https:\/\/diariodigitalmx.com\/wp-content\/uploads\/2026\/03\/255615-1536x1023.jpg 1536w, https:\/\/diariodigitalmx.com\/wp-content\/uploads\/2026\/03\/255615.jpg 1600w\" sizes=\"(max-width: 1024px) 100vw, 1024px\" \/><\/figure>\n\n\n\n<p>4751 corredores, 3085 hombres y 1666 mujeres, dieron vida a la prueba del Medio Marat\u00f3n, iniciando salida en las inmediaciones de ic\u00f3nico monumento vial, para tomar las principales calles y avenidas del municipio de San Pedro Garza Garc\u00eda, entre las que se encontraban Humberto Lobo, Calzada Mauricio Fern\u00e1ndez, Calzada San Pedro y avenida Jos\u00e9 Vasconcelos.<\/p>\n\n\n\n<p>30 minutos m\u00e1s tarde de iniciada la competencia y en el mismo escenario 1326 competidores, 578 hombres y 748 mujeres, comenzaron la carrera de 5 kil\u00f3metros.<\/p>\n\n\n\n<figure class=\"wp-block-image size-large\"><img loading=\"lazy\" decoding=\"async\" width=\"1024\" height=\"829\" src=\"https:\/\/diariodigitalmx.com\/wp-content\/uploads\/2026\/03\/255626-1024x829.jpg\" alt=\"\" class=\"wp-image-145945\" srcset=\"https:\/\/diariodigitalmx.com\/wp-content\/uploads\/2026\/03\/255626-1024x829.jpg 1024w, https:\/\/diariodigitalmx.com\/wp-content\/uploads\/2026\/03\/255626-300x243.jpg 300w, https:\/\/diariodigitalmx.com\/wp-content\/uploads\/2026\/03\/255626-768x622.jpg 768w, https:\/\/diariodigitalmx.com\/wp-content\/uploads\/2026\/03\/255626.jpg 1061w\" sizes=\"(max-width: 1024px) 100vw, 1024px\" \/><\/figure>\n\n\n\n<p>Bast\u00f3 solo 1 hora con seis minutos y 50 cent\u00e9simas, para Reyes Daniel Reyes, arribara en solitario a la zona de meta para ingresar el r\u00e9cord hist\u00f3rico del evento, al ser el ganador de su primera edici\u00f3n dentro de la rama varonil, seguido por Asunci\u00f3n Zacar\u00edas Aparicio y Ayrton Daniel Ledezma har\u00edan el 2 y 3 de la competencia con marcas de 01:07:38 y 01:08:37 respectivamente.<\/p>\n\n\n\n<figure class=\"wp-block-image size-large\"><img loading=\"lazy\" decoding=\"async\" width=\"1024\" height=\"682\" src=\"https:\/\/diariodigitalmx.com\/wp-content\/uploads\/2026\/03\/255619-1024x682.jpg\" alt=\"\" class=\"wp-image-145946\" srcset=\"https:\/\/diariodigitalmx.com\/wp-content\/uploads\/2026\/03\/255619-1024x682.jpg 1024w, https:\/\/diariodigitalmx.com\/wp-content\/uploads\/2026\/03\/255619-300x200.jpg 300w, https:\/\/diariodigitalmx.com\/wp-content\/uploads\/2026\/03\/255619-768x512.jpg 768w, https:\/\/diariodigitalmx.com\/wp-content\/uploads\/2026\/03\/255619-1536x1023.jpg 1536w, https:\/\/diariodigitalmx.com\/wp-content\/uploads\/2026\/03\/255619.jpg 1600w\" sizes=\"(max-width: 1024px) 100vw, 1024px\" \/><\/figure>\n\n\n\n<p>Mientras que la keniata Leah Jebiwot Kigen se consagrar\u00eda como la reina femenil del 21k cronometrando un tiempo de 01:17: 48, superando a las mexicanas Anah\u00ed Rivera y Elvia Beatriz Carranco, quienes arribaron a la meta con tiempos de 01:20:43 y 01:21:46.<\/p>\n\n\n\n<p>Cabe mencionar que debido al desfasamiento premeditado de las salidas de las pruebas de 21 y 5k ambas arribaron en forma simult\u00e1nea, pero en diferentes escenarios montados por el equipo de log\u00edstica de TROTIME.<\/p>\n\n\n\n<p>Resultando como ganador de los 5 mil metros de ruta varonil Erick Alejandro Dom\u00ednguez con su 00:15:59, dejando a la retaguardia Erick Osiris Zerme\u00f1o, 00.16:22 y a Roberto Camacho S\u00e1nchez, 00:16:30.<\/p>\n\n\n\n<p>Por su parte Victoria Mart\u00ednez Garc\u00eda, se consagr\u00f3 como la mejor femenil del 5k con tiempo de 00:18:43, dejando en segundo lugar a Valeria Michell Pachicano, 00:18:55 y a Yeini Santacruz G\u00f3mez, 00:19:10.<\/p>\n","protected":false},"excerpt":{"rendered":"<p>Por: Ra\u00fal Guevara Ortiz\/Prensa Trotime.- Nuevamente la belleza arquitect\u00f3nica del Puente Atirantado se visti\u00f3 de gala para recibir a m\u00e1s de 6 mil corredores participantes en la 1\u00aa. Edici\u00f3n del Medio Marat\u00f3n San Pedro. 4751 corredores, 3085 hombres y 1666 mujeres, dieron vida a la prueba del Medio Marat\u00f3n, iniciando salida en las inmediaciones de [&hellip;]<\/p>\n","protected":false},"author":1,"featured_media":145941,"comment_status":"open","ping_status":"open","sticky":true,"template":"","format":"standard","meta":{"footnotes":""},"categories":[8,14],"tags":[],"_links":{"self":[{"href":"https:\/\/diariodigitalmx.com\/index.php\/wp-json\/wp\/v2\/posts\/145939"}],"collection":[{"href":"https:\/\/diariodigitalmx.com\/index.php\/wp-json\/wp\/v2\/posts"}],"about":[{"href":"https:\/\/diariodigitalmx.com\/index.php\/wp-json\/wp\/v2\/types\/post"}],"author":[{"embeddable":true,"href":"https:\/\/diariodigitalmx.com\/index.php\/wp-json\/wp\/v2\/users\/1"}],"replies":[{"embeddable":true,"href":"https:\/\/diariodigitalmx.com\/index.php\/wp-json\/wp\/v2\/comments?post=145939"}],"version-history":[{"count":3,"href":"https:\/\/diariodigitalmx.com\/index.php\/wp-json\/wp\/v2\/posts\/145939\/revisions"}],"predecessor-version":[{"id":145947,"href":"https:\/\/diariodigitalmx.com\/index.php\/wp-json\/wp\/v2\/posts\/145939\/revisions\/145947"}],"wp:featuredmedia":[{"embeddable":true,"href":"https:\/\/diariodigitalmx.com\/index.php\/wp-json\/wp\/v2\/media\/145941"}],"wp:attachment":[{"href":"https:\/\/diariodigitalmx.com\/index.php\/wp-json\/wp\/v2\/media?parent=145939"}],"wp:term":[{"taxonomy":"category","embeddable":true,"href":"https:\/\/diariodigitalmx.com\/index.php\/wp-json\/wp\/v2\/categories?post=145939"},{"taxonomy":"post_tag","embeddable":true,"href":"https:\/\/diariodigitalmx.com\/index.php\/wp-json\/wp\/v2\/tags?post=145939"}],"curies":[{"name":"wp","href":"https:\/\/api.w.org\/{rel}","templated":true}]}}