{"id":145948,"date":"2026-03-15T17:48:44","date_gmt":"2026-03-15T23:48:44","guid":{"rendered":"https:\/\/diariodigitalmx.com\/?p=145948"},"modified":"2026-03-15T22:32:05","modified_gmt":"2026-03-16T04:32:05","slug":"disfrutan-miles-de-regiomontanos-mty-en-familia-en-parque-espana","status":"publish","type":"post","link":"https:\/\/diariodigitalmx.com\/index.php\/2026\/03\/15\/disfrutan-miles-de-regiomontanos-mty-en-familia-en-parque-espana\/","title":{"rendered":"Disfrutan miles de regiomontanos &#8220;Mty en Familia&#8221;, en Parque Espa\u00f1a"},"content":{"rendered":"\n<p>Casi 6 mil personas de todas las edades disfrutaron este domingo del evento \u201cMTY en Familia\u201d, una jornada de convivencia organizada por el DIF de Monterrey para promover el esparcimiento, la recreaci\u00f3n y el fortalecimiento y uni\u00f3n de las familias.<\/p>\n\n\n\n<p>El alcalde Adri\u00e1n de la Garza, acompa\u00f1ado de su esposa Gaby Oyervides, presidenta del DIF Monterrey, encabez\u00f3 el evento en el Parque Espa\u00f1a, donde convivi\u00f3 con los asistentes y particip\u00f3 en actividades recreativas.<\/p>\n\n\n\n<p>Ni\u00f1as, ni\u00f1os, padres de familia y personas adultas mayores, disfrutaron del espacio, de los juegos y din\u00e1micas familiares, deliciosa comida y espect\u00e1culos infantiles, destacando la presentaci\u00f3n de Lore Lore.<\/p>\n\n\n\n<p>La sorpresa fue la rifa de hornos de microondas y pantallas de televisi\u00f3n.<\/p>\n\n\n\n<figure class=\"wp-block-image size-large\"><img loading=\"lazy\" decoding=\"async\" width=\"1024\" height=\"682\" src=\"https:\/\/diariodigitalmx.com\/wp-content\/uploads\/2026\/03\/255929-1024x682.jpg\" alt=\"\" class=\"wp-image-145951\" srcset=\"https:\/\/diariodigitalmx.com\/wp-content\/uploads\/2026\/03\/255929-1024x682.jpg 1024w, https:\/\/diariodigitalmx.com\/wp-content\/uploads\/2026\/03\/255929-300x200.jpg 300w, https:\/\/diariodigitalmx.com\/wp-content\/uploads\/2026\/03\/255929-768x512.jpg 768w, https:\/\/diariodigitalmx.com\/wp-content\/uploads\/2026\/03\/255929.jpg 1280w\" sizes=\"(max-width: 1024px) 100vw, 1024px\" \/><\/figure>\n\n\n\n<p>\u201cCada vez que podamos hay que conmemorar, hay que celebrar que tenemos una gran, gran familia, una gran comunidad, que es lo que hace grande a la ciudad de Monterrey. Quiero agradecerles a todos ustedes por su confianza y tambi\u00e9n por hacer esta gran comunidad en Monterrey\u201d, dijo en su mensaje.<\/p>\n\n\n\n<p>Por su parte, Gaby Oyervides agradeci\u00f3 la confianza de los ciudadanos en su gobierno.<\/p>\n\n\n\n<p>\u201cMuchas gracias por su confianza, la confianza que depositaron en nosotros es una gran responsabilidad, y trabajamos todos los d\u00edas para mejorar y para tener un Monterrey igual para todas y todos, con las mismas oportunidades\u201d, afirm\u00f3.<\/p>\n\n\n\n<p>Aprovechando el intenso calor del d\u00eda, el alcalde invit\u00f3 a la gente a un \u201cchapuz\u00f3n\u201d en la alberca, que ya estaba lista para iniciar la temporada acu\u00e1tica 2026 el pr\u00f3ximo 21 de marzo.<\/p>\n\n\n\n<figure class=\"wp-block-image size-large\"><img loading=\"lazy\" decoding=\"async\" width=\"1024\" height=\"682\" src=\"https:\/\/diariodigitalmx.com\/wp-content\/uploads\/2026\/03\/255934-1024x682.jpg\" alt=\"\" class=\"wp-image-145953\" srcset=\"https:\/\/diariodigitalmx.com\/wp-content\/uploads\/2026\/03\/255934-1024x682.jpg 1024w, https:\/\/diariodigitalmx.com\/wp-content\/uploads\/2026\/03\/255934-300x200.jpg 300w, https:\/\/diariodigitalmx.com\/wp-content\/uploads\/2026\/03\/255934-768x512.jpg 768w, https:\/\/diariodigitalmx.com\/wp-content\/uploads\/2026\/03\/255934-1536x1023.jpg 1536w, https:\/\/diariodigitalmx.com\/wp-content\/uploads\/2026\/03\/255934.jpg 1600w\" sizes=\"(max-width: 1024px) 100vw, 1024px\" \/><\/figure>\n\n\n\n<p>\u201cMTY en Familia\u201d forma parte de las iniciativas del Gobierno de Monterrey y del DIF municipal para generar espacios de encuentro que fomenten la convivencia social y el aprovechamiento de los espacios p\u00fablicos de la ciudad.<\/p>\n\n\n\n<p>Al evento tambi\u00e9n asistieron con sus familias la directora General del DIF, Ivonne \u00c1lvarez, el jefe de Gabinete, Fernando Marg\u00e1in; los secretarios de Administraci\u00f3n, Marcelo Segovia; de Participaci\u00f3n Ciudadana, Rafa Ramos; el secretario Ejecutivo, Gabriel Ayala; de Innovaci\u00f3n y Gobierno Abierto, Federico Vargas; as\u00ed como las directoras de Prevenci\u00f3n, Mayela Quiroga; de Educaci\u00f3n, Ana Villalpando; y el director de Salud, Ricardo de la Rocha.<\/p>\n\n\n\n<p>Como invitadas especiales estuvieron las diputadas federales, Anita Gonz\u00e1lez y Annia G\u00f3mez; las legisladoras locales Perla Villarreal, Bety Garza, y Cecy Robledo; y la presidenta de la Uni\u00f3n Neolonesa de Padres de Familia, July Mendoza.<\/p>\n","protected":false},"excerpt":{"rendered":"<p>Casi 6 mil personas de todas las edades disfrutaron este domingo del evento \u201cMTY en Familia\u201d, una jornada de convivencia organizada por el DIF de Monterrey para promover el esparcimiento, la recreaci\u00f3n y el fortalecimiento y uni\u00f3n de las familias. El alcalde Adri\u00e1n de la Garza, acompa\u00f1ado de su esposa Gaby Oyervides, presidenta del DIF [&hellip;]<\/p>\n","protected":false},"author":1,"featured_media":145950,"comment_status":"open","ping_status":"open","sticky":true,"template":"","format":"standard","meta":{"footnotes":""},"categories":[6],"tags":[],"_links":{"self":[{"href":"https:\/\/diariodigitalmx.com\/index.php\/wp-json\/wp\/v2\/posts\/145948"}],"collection":[{"href":"https:\/\/diariodigitalmx.com\/index.php\/wp-json\/wp\/v2\/posts"}],"about":[{"href":"https:\/\/diariodigitalmx.com\/index.php\/wp-json\/wp\/v2\/types\/post"}],"author":[{"embeddable":true,"href":"https:\/\/diariodigitalmx.com\/index.php\/wp-json\/wp\/v2\/users\/1"}],"replies":[{"embeddable":true,"href":"https:\/\/diariodigitalmx.com\/index.php\/wp-json\/wp\/v2\/comments?post=145948"}],"version-history":[{"count":2,"href":"https:\/\/diariodigitalmx.com\/index.php\/wp-json\/wp\/v2\/posts\/145948\/revisions"}],"predecessor-version":[{"id":145954,"href":"https:\/\/diariodigitalmx.com\/index.php\/wp-json\/wp\/v2\/posts\/145948\/revisions\/145954"}],"wp:featuredmedia":[{"embeddable":true,"href":"https:\/\/diariodigitalmx.com\/index.php\/wp-json\/wp\/v2\/media\/145950"}],"wp:attachment":[{"href":"https:\/\/diariodigitalmx.com\/index.php\/wp-json\/wp\/v2\/media?parent=145948"}],"wp:term":[{"taxonomy":"category","embeddable":true,"href":"https:\/\/diariodigitalmx.com\/index.php\/wp-json\/wp\/v2\/categories?post=145948"},{"taxonomy":"post_tag","embeddable":true,"href":"https:\/\/diariodigitalmx.com\/index.php\/wp-json\/wp\/v2\/tags?post=145948"}],"curies":[{"name":"wp","href":"https:\/\/api.w.org\/{rel}","templated":true}]}}