{"id":145963,"date":"2026-03-16T10:22:23","date_gmt":"2026-03-16T16:22:23","guid":{"rendered":"https:\/\/diariodigitalmx.com\/?p=145963"},"modified":"2026-03-16T10:27:01","modified_gmt":"2026-03-16T16:27:01","slug":"amlo-y-su-nuevo-mensaje","status":"publish","type":"post","link":"https:\/\/diariodigitalmx.com\/index.php\/2026\/03\/16\/amlo-y-su-nuevo-mensaje\/","title":{"rendered":"AMLO y su nuevo mensaje"},"content":{"rendered":"\n<p>De frente y de perfil <\/p>\n\n\n\n<p>Ram\u00f3n Zurita Sahag\u00fan <\/p>\n\n\n\n<p>Se ve que el expresidente Andr\u00e9s Manuel L\u00f3pez Obrador a\u00f1ora el poder y aunque dice que est\u00e1 retirado del mismo, lo extra\u00f1a.<\/p>\n\n\n\n<p>El mensaje subido a sus redes en el que clama para que el pueblo mexicano se vuelque en dep\u00f3sitos bancarios para ayuda humanitaria de Cuba, hace ver que est\u00e1 distante, pero cercano de los aspectos pol\u00edticos.<\/p>\n\n\n\n<p>\u201cEstoy en retiro, pero me hiere que busquen exterminar por sus ideales de libertad y defensa de la soberan\u00eda al hermano pueblo de Cuba\u201d, dice.<\/p>\n\n\n\n<p>En consecuencia, a\u00f1ade, invit\u00f3 a todos para que depositen en una cuenta de Banorte de la Asociaci\u00f3n Civil Humanidad con Am\u00e9rica Latina, para comprar alimentos, medicinas, petr\u00f3leo y gasolina y ayudar al pueblo cubano, algo que ya hace el gobierno mexicano.<\/p>\n\n\n\n<p>Sin embargo, su convocatoria no fue bien recibida, ya que diversos sectores alertan sobre este llamado y hasta piden a los ciudadanos no contribuir con ayuda para el pueblo cubano.<\/p>\n\n\n\n<p>Hace unas cuantas semanas, el gobierno federal inici\u00f3 una colecta en las distintas oficinas, en las que la vara era por tres mil pesos para los mandos medios, un poco m\u00e1s en los niveles altos.<\/p>\n\n\n\n<p>Fue una recolecci\u00f3n de dinero voluntaria a fuerzas, ya que se pidi\u00f3 que las aportaciones se hicieran en efectivo, sin recibo de ninguna clase, ni explicaci\u00f3n. Es decir, simplemente obedecer la orden.<\/p>\n\n\n\n<p>La circunstancia de los cubanos es delicada, la falta de combustible hace que la vida en la naci\u00f3n caribe\u00f1a sea complicada y sus habitantes viven sin energ\u00eda el\u00e9ctrica casi todo el d\u00eda.<\/p>\n\n\n\n<p>Los apagones son una constante y hay sitios en los que la energ\u00eda el\u00e9ctrica llega solamente por un par de horas al d\u00eda.<\/p>\n\n\n\n<p>Hay carencia de todo, alimentos, medicinas y hasta para el trabajo que requiere pronta soluci\u00f3n del conflicto.<\/p>\n\n\n\n<p>El gobierno cubano explica que se encuentra en pl\u00e1ticas con el gobierno estadounidense para que se levante el bloqueo de los combustibles, aunque no se considera que eso pueda ocurrir pronto.<\/p>\n\n\n\n<p>Y mientras eso sucede, los habitantes de la isla son los que padecen por la falta de suministro el\u00e9ctrico y de combustibles en general.<\/p>\n\n\n\n<p>Los padecimientos del pueblo cubano, aunque no de sus gobernantes, abren una peque\u00f1a ventana de esperanza para que la situaci\u00f3n pol\u00edtica cambie.<\/p>\n\n\n\n<p>En Cuba todav\u00eda siguen las limitantes para muchos aspectos como son la democracia, la libertad de expresi\u00f3n y crecen las protestas por la carencia que se viven en la isla antillana.<\/p>\n\n\n\n<p>La revoluci\u00f3n cubana triunf\u00f3 el primero de enero de 1959 y durante estos 67a\u00f1os los gobiernos han emanado de la familia Castro, primero fue Fidel y ahora lo es Ra\u00fal, aunque a trasmano.<\/p>\n\n\n\n<p>La ayuda humanitaria es urgente y necesaria, aunque tambi\u00e9n lo son las libertades que se han coartado al pueblo cubano durante varias d\u00e9cadas.<\/p>\n\n\n\n<pre class=\"wp-block-code\"><code>                                                                           \u2026\u2026\u2026\u2026\u2026\u2026..<\/code><\/pre>\n\n\n\n<p>Hace unos d\u00edas coment\u00e1bamos las joyas del PRI que son tentadas por Acci\u00f3n Nacional para que dejen al partido tricolor y se sumen al blanquiazul. Jorge Romero, dirigente nacional del PAN dijo que aceptan como su candidato a gobernador de Nuevo Le\u00f3n a Adri\u00e1n de la Garza, pero si deja al PRI. La pirater\u00eda en pleno y a la luz del d\u00eda. Cuidado con los otros personajes que son buscados por quien est\u00e1 catalogado como el jefe del Cartel Inmobiliario.<\/p>\n\n\n\n<p>Email: ramonzurita44@hotmail.com<\/p>\n\n\n\n<p>Email: ramonzurita44@gmail.com<\/p>\n","protected":false},"excerpt":{"rendered":"<p>De frente y de perfil Ram\u00f3n Zurita Sahag\u00fan Se ve que el expresidente Andr\u00e9s Manuel L\u00f3pez Obrador a\u00f1ora el poder y aunque dice que est\u00e1 retirado del mismo, lo extra\u00f1a. El mensaje subido a sus redes en el que clama para que el pueblo mexicano se vuelque en dep\u00f3sitos bancarios para ayuda humanitaria de Cuba, [&hellip;]<\/p>\n","protected":false},"author":1,"featured_media":145965,"comment_status":"open","ping_status":"open","sticky":true,"template":"","format":"standard","meta":{"footnotes":""},"categories":[12],"tags":[],"_links":{"self":[{"href":"https:\/\/diariodigitalmx.com\/index.php\/wp-json\/wp\/v2\/posts\/145963"}],"collection":[{"href":"https:\/\/diariodigitalmx.com\/index.php\/wp-json\/wp\/v2\/posts"}],"about":[{"href":"https:\/\/diariodigitalmx.com\/index.php\/wp-json\/wp\/v2\/types\/post"}],"author":[{"embeddable":true,"href":"https:\/\/diariodigitalmx.com\/index.php\/wp-json\/wp\/v2\/users\/1"}],"replies":[{"embeddable":true,"href":"https:\/\/diariodigitalmx.com\/index.php\/wp-json\/wp\/v2\/comments?post=145963"}],"version-history":[{"count":1,"href":"https:\/\/diariodigitalmx.com\/index.php\/wp-json\/wp\/v2\/posts\/145963\/revisions"}],"predecessor-version":[{"id":145964,"href":"https:\/\/diariodigitalmx.com\/index.php\/wp-json\/wp\/v2\/posts\/145963\/revisions\/145964"}],"wp:featuredmedia":[{"embeddable":true,"href":"https:\/\/diariodigitalmx.com\/index.php\/wp-json\/wp\/v2\/media\/145965"}],"wp:attachment":[{"href":"https:\/\/diariodigitalmx.com\/index.php\/wp-json\/wp\/v2\/media?parent=145963"}],"wp:term":[{"taxonomy":"category","embeddable":true,"href":"https:\/\/diariodigitalmx.com\/index.php\/wp-json\/wp\/v2\/categories?post=145963"},{"taxonomy":"post_tag","embeddable":true,"href":"https:\/\/diariodigitalmx.com\/index.php\/wp-json\/wp\/v2\/tags?post=145963"}],"curies":[{"name":"wp","href":"https:\/\/api.w.org\/{rel}","templated":true}]}}