{"id":145966,"date":"2026-03-16T10:37:05","date_gmt":"2026-03-16T16:37:05","guid":{"rendered":"https:\/\/diariodigitalmx.com\/?p=145966"},"modified":"2026-03-16T10:38:42","modified_gmt":"2026-03-16T16:38:42","slug":"para-leer-recomienda-gerson-gomez-4","status":"publish","type":"post","link":"https:\/\/diariodigitalmx.com\/index.php\/2026\/03\/16\/para-leer-recomienda-gerson-gomez-4\/","title":{"rendered":"Para leer; recomienda Gerson G\u00f3mez"},"content":{"rendered":"\n<p>Reimaginar la mirada. Cartograf\u00edas, rutas, saberes del libro ilustrado de Andrea Fuentes Silva<\/p>\n\n\n\n<p>La vista llega antes que las palabras, dice John Berger. Pero en los libros (\u00e1lbum) ilustrados las im\u00e1genes y las palabras se re\u00fanen para crear un lenguaje: abren una posibilidad en el horizonte porque son otra forma de mirar y otra forma de leer. \u00bfQu\u00e9 nuevas formas de ver se desprenden de esa lectura? \u00bfQu\u00e9 surge de las relaciones entre imagen y escritura y c\u00f3mo el aliento que brota de ellas implica nuevas formas de conocimiento? \u00bfC\u00f3mo nos construimos, nos volvemos identidad y damos sentido a partir de ese saber? A lo largo de estos ensayos, Andrea Fuentes explora los horizontes de la mirada, visual y textual, navegando por su g\u00e9nesis, sentido y creaci\u00f3n.<\/p>\n\n\n\n<figure class=\"wp-block-image size-full\"><img loading=\"lazy\" decoding=\"async\" width=\"341\" height=\"351\" src=\"https:\/\/diariodigitalmx.com\/wp-content\/uploads\/2026\/03\/256795.jpg\" alt=\"\" class=\"wp-image-145969\" srcset=\"https:\/\/diariodigitalmx.com\/wp-content\/uploads\/2026\/03\/256795.jpg 341w, https:\/\/diariodigitalmx.com\/wp-content\/uploads\/2026\/03\/256795-291x300.jpg 291w\" sizes=\"(max-width: 341px) 100vw, 341px\" \/><\/figure>\n\n\n\n<p>Nociones de la luz de Roberto L\u00f3pez<\/p>\n\n\n\n<p>En este libro, las leyes de la reflexi\u00f3n y de la refracci\u00f3n de la luz, y el Principio de Huygens, son utilizadas como met\u00e1foras para contarnos la historia de una relaci\u00f3n amorosa. Es a trav\u00e9s de un yo l\u00edrico que se pregunta constantemente por el c\u00f3mo y el d\u00f3nde de los amantes, que entendemos todo lo que toca la luz \u2013una habitaci\u00f3n, una cama destendida, clav\u00edculas y lunares-, pero tambi\u00e9n todo aquello que se oscurece cuando dos cuerpos que se han amado se separan.<\/p>\n\n\n\n<figure class=\"wp-block-image size-full\"><img loading=\"lazy\" decoding=\"async\" width=\"341\" height=\"321\" src=\"https:\/\/diariodigitalmx.com\/wp-content\/uploads\/2026\/03\/256796.jpg\" alt=\"\" class=\"wp-image-145971\" srcset=\"https:\/\/diariodigitalmx.com\/wp-content\/uploads\/2026\/03\/256796.jpg 341w, https:\/\/diariodigitalmx.com\/wp-content\/uploads\/2026\/03\/256796-300x282.jpg 300w\" sizes=\"(max-width: 341px) 100vw, 341px\" \/><\/figure>\n\n\n\n<p>Entomolog\u00eda de la mujer de Miralda Marlen<br>Cuerpo. Carne. Dolor. Un tri\u00e1ngulo melanc\u00f3lico que a\u00edsla a ese misterio llamado MUJER. \u00bfC\u00f3mo una mujer puede comunicar el sufrimiento de su m\u00e1s \u00edntimo enigma, si el lenguaje heredado le es ajeno? Hay que pedirlo prestado. Miralda Marl\u00e9n exige que la tierra, el agua y el aire acudan a ella con sus gargantas abiertas para que el peque\u00f1o fuego de su soledad sea escuchado. El estr\u00e9pito decadente de la realidad no la ayuda porque ella solo encuentra parodias asfixiantes del infierno. \u00bfEnfermedad? S\u00ed. \u00bfAmor? No.<\/p>\n\n\n\n<figure class=\"wp-block-image size-full\"><img loading=\"lazy\" decoding=\"async\" width=\"341\" height=\"311\" src=\"https:\/\/diariodigitalmx.com\/wp-content\/uploads\/2026\/03\/256797.jpg\" alt=\"\" class=\"wp-image-145972\" srcset=\"https:\/\/diariodigitalmx.com\/wp-content\/uploads\/2026\/03\/256797.jpg 341w, https:\/\/diariodigitalmx.com\/wp-content\/uploads\/2026\/03\/256797-300x274.jpg 300w\" sizes=\"(max-width: 341px) 100vw, 341px\" \/><\/figure>\n\n\n\n<p>Testigo anticipado. Cr\u00f3nicas perdidas desde los umbrales del tiempo de Bernardo Gonz\u00e1lez-Ar\u00e9chiga<br>Testigo anticipado es la bit\u00e1cora de viajes de Mart\u00edn M\u00f6bius, cient\u00edfico cu\u00e1ntico que recorre trece ciudades del futuro (2035-2350) a trav\u00e9s de puentes Einstein-Rosen. Su convivencia con humanos biol\u00f3gicos, ciborgs, mutantes y vida no org\u00e1nica revela que las ciudades se han convertido en laboratorios donde surge un ecosistema h\u00edbrido de inteligencias m\u00faltiples. Narra la construcci\u00f3n de un Centauro Digital, que transforma al ser humano en su relaci\u00f3n con la Inteligencia Artificial. Explora los conflictos y la coevoluci\u00f3n entre tecnolog\u00eda, sociedad y medio ambiente, as\u00ed como los dilemas de las nuevas identidades. M\u00f6bius encuentra futuros terribles \u2014contaminaci\u00f3n, guerra, desconexi\u00f3n digital\u2014 y futuros luminosos \u2014gen\u00f3mica, nuevas bibliotecas, expansi\u00f3n de la inteligencia\u2014 que abren rutas divergentes, marcadas por la huella humana y la gesti\u00f3n compartida de la biosfera mediante diversas formas de inteligencia. Son caminos alternos para construir una esperanza capaz de soportar la prueba del tiempo: una utop\u00eda disfrazada de tragedia.<\/p>\n","protected":false},"excerpt":{"rendered":"<p>Reimaginar la mirada. Cartograf\u00edas, rutas, saberes del libro ilustrado de Andrea Fuentes Silva La vista llega antes que las palabras, dice John Berger. Pero en los libros (\u00e1lbum) ilustrados las im\u00e1genes y las palabras se re\u00fanen para crear un lenguaje: abren una posibilidad en el horizonte porque son otra forma de mirar y otra forma [&hellip;]<\/p>\n","protected":false},"author":1,"featured_media":145968,"comment_status":"open","ping_status":"open","sticky":true,"template":"","format":"standard","meta":{"footnotes":""},"categories":[11,5],"tags":[],"_links":{"self":[{"href":"https:\/\/diariodigitalmx.com\/index.php\/wp-json\/wp\/v2\/posts\/145966"}],"collection":[{"href":"https:\/\/diariodigitalmx.com\/index.php\/wp-json\/wp\/v2\/posts"}],"about":[{"href":"https:\/\/diariodigitalmx.com\/index.php\/wp-json\/wp\/v2\/types\/post"}],"author":[{"embeddable":true,"href":"https:\/\/diariodigitalmx.com\/index.php\/wp-json\/wp\/v2\/users\/1"}],"replies":[{"embeddable":true,"href":"https:\/\/diariodigitalmx.com\/index.php\/wp-json\/wp\/v2\/comments?post=145966"}],"version-history":[{"count":2,"href":"https:\/\/diariodigitalmx.com\/index.php\/wp-json\/wp\/v2\/posts\/145966\/revisions"}],"predecessor-version":[{"id":145973,"href":"https:\/\/diariodigitalmx.com\/index.php\/wp-json\/wp\/v2\/posts\/145966\/revisions\/145973"}],"wp:featuredmedia":[{"embeddable":true,"href":"https:\/\/diariodigitalmx.com\/index.php\/wp-json\/wp\/v2\/media\/145968"}],"wp:attachment":[{"href":"https:\/\/diariodigitalmx.com\/index.php\/wp-json\/wp\/v2\/media?parent=145966"}],"wp:term":[{"taxonomy":"category","embeddable":true,"href":"https:\/\/diariodigitalmx.com\/index.php\/wp-json\/wp\/v2\/categories?post=145966"},{"taxonomy":"post_tag","embeddable":true,"href":"https:\/\/diariodigitalmx.com\/index.php\/wp-json\/wp\/v2\/tags?post=145966"}],"curies":[{"name":"wp","href":"https:\/\/api.w.org\/{rel}","templated":true}]}}