{"id":145990,"date":"2026-03-17T10:01:02","date_gmt":"2026-03-17T16:01:02","guid":{"rendered":"https:\/\/diariodigitalmx.com\/?p=145990"},"modified":"2026-03-17T10:01:53","modified_gmt":"2026-03-17T16:01:53","slug":"alianzas-o-no","status":"publish","type":"post","link":"https:\/\/diariodigitalmx.com\/index.php\/2026\/03\/17\/alianzas-o-no\/","title":{"rendered":"Alianzas o no"},"content":{"rendered":"\n<p>De frente y de perfil <\/p>\n\n\n\n<p>Ram\u00f3n Zurita Sahag\u00fan <\/p>\n\n\n\n<p>Lo r\u00e1pido que corren los tiempos y la cercan\u00eda del inicio del a\u00f1o electoral (septiembre) para los comicios federales de 2027, aceleran las medidas que los partidos deber\u00e1n tomar para enfrentar este desaf\u00edo.<\/p>\n\n\n\n<p>Los opositores no parecen entender que las alianzas son necesarias para enfrentar la arrolladora aplanadora que se forma alrededor del partido gobernante.<\/p>\n\n\n\n<p>Mientras MORENA prioriza las alianzas, la oposici\u00f3n las desde\u00f1a y siente que ir solos les purifica el alma a sus militantes que, como en el caso del PAN, aseguran que la pureza ideol\u00f3gica es lo mejor, sin importar el resultado electoral.<\/p>\n\n\n\n<p>Regresar a sus or\u00edgenes al partido blanquiazul es la meta de Jorge Romero, dirigente panista que recuerda como en el pasado el PAN ganaba los debates en la C\u00e1mara de Diputados, aunque perd\u00eda las votaciones, tanto dentro del recinto legislativo como en las urnas.<\/p>\n\n\n\n<p>Contrario a ello es la posici\u00f3n de MORENA que busca mantener la alianza con el Verde y con el Partido del Trabajo, aunque estos dos partidos le aporten poca votaci\u00f3n, necesaria para ganar la mayor\u00eda en el Congreso de la Uni\u00f3n y el mayor n\u00famero de estados en que disputar\u00e1n 17 gubernaturas.<\/p>\n\n\n\n<p>La importancia de las alianzas es grande, tanta que la Presidenta Sheinbaum decide modificar, mediante el plan B la reforma electoral, para eliminar los roces con sus aliados.<\/p>\n\n\n\n<p>Seg\u00fan distintas encuestas, MORENA mantiene ventaja en los estados con elecci\u00f3n de gobernador, aunque sumados los pocos puntos de sus aliados, la diferencia aumenta.<\/p>\n\n\n\n<p>No sucede as\u00ed con los opositores, donde en algunas de las entidades, una eventual alianza con el PRI los vuelve m\u00e1s competitivos, mientras que ir aliados con Movimiento Ciudadano les resta puntos.<\/p>\n\n\n\n<p>De todos los 17 estados, solamente en Campeche, blanquiazules y naranjas suman los puntos necesarios con candidato de MC.<\/p>\n\n\n\n<p>En los restantes, la pretendida alianza de naranjas y panistas no les alcanza, mientras que en Nuevo Le\u00f3n, pudieran volverse competitivos, tambi\u00e9n con el predominio de la candidatura para MC.<\/p>\n\n\n\n<p>Los panistas no encuentran la f\u00f3rmula para retener las tres gubernaturas que actualmente tienen en los comicios del a\u00f1o pr\u00f3ximo y la constante negativa de su dirigente Jorge Romero para aliarse con el PRI les puede pasar facturas el a\u00f1o pr\u00f3ximo.<\/p>\n\n\n\n<p>Para MORENA todo se les facilita en la elecci\u00f3n del a\u00f1o pr\u00f3ximo, con todo y las fracturas que amenazan al partido, pero ellos traen su proyecto bien dise\u00f1ado.<\/p>\n\n\n\n<p>Por eso anuncian que a m\u00e1s tardar el 22 de junio dar\u00e1n a conocer sus coordinadores estatales, de donde saldr\u00e1n la mayor\u00eda de los candidatos en un anticipado inicio de campa\u00f1a, por el que no ser\u00e1n sancionados.<\/p>\n\n\n\n<p>A MORENA solamente le preocupa una cosa, que la selecci\u00f3n de candidatos y candidatas no traiga consecuencias que se paguen en las urnas.<\/p>\n\n\n\n<pre class=\"wp-block-code\"><code>                                                                           \u2026\u2026\u2026\u2026\u2026\u2026\u2026..<\/code><\/pre>\n\n\n\n<p>Cu\u00e1ntos gobernadores tendr\u00e1n \u00e9xito en impulsar a los candidatos a sucederlo. Marina del Pilar \u00c1vila, Rub\u00e9n Rocha Moya, Miguel \u00c1ngel Navarro, Layda Sansores, Lorena Cu\u00e9llar Cisneros, Evelyn Salgado y su pap\u00e1 F\u00e9lix, adem\u00e1s de Alfredo Ram\u00edrez Bedolla, entre otros, buscan que el candidato de MORENA sea a su gusto.<\/p>\n\n\n\n<p>Email: ramonzurita44@hotmail.com<\/p>\n\n\n\n<p>Email: ramonzurita44@gmail.com<\/p>\n","protected":false},"excerpt":{"rendered":"<p>De frente y de perfil Ram\u00f3n Zurita Sahag\u00fan Lo r\u00e1pido que corren los tiempos y la cercan\u00eda del inicio del a\u00f1o electoral (septiembre) para los comicios federales de 2027, aceleran las medidas que los partidos deber\u00e1n tomar para enfrentar este desaf\u00edo. Los opositores no parecen entender que las alianzas son necesarias para enfrentar la arrolladora [&hellip;]<\/p>\n","protected":false},"author":1,"featured_media":145992,"comment_status":"open","ping_status":"open","sticky":true,"template":"","format":"standard","meta":{"footnotes":""},"categories":[12],"tags":[],"_links":{"self":[{"href":"https:\/\/diariodigitalmx.com\/index.php\/wp-json\/wp\/v2\/posts\/145990"}],"collection":[{"href":"https:\/\/diariodigitalmx.com\/index.php\/wp-json\/wp\/v2\/posts"}],"about":[{"href":"https:\/\/diariodigitalmx.com\/index.php\/wp-json\/wp\/v2\/types\/post"}],"author":[{"embeddable":true,"href":"https:\/\/diariodigitalmx.com\/index.php\/wp-json\/wp\/v2\/users\/1"}],"replies":[{"embeddable":true,"href":"https:\/\/diariodigitalmx.com\/index.php\/wp-json\/wp\/v2\/comments?post=145990"}],"version-history":[{"count":2,"href":"https:\/\/diariodigitalmx.com\/index.php\/wp-json\/wp\/v2\/posts\/145990\/revisions"}],"predecessor-version":[{"id":145993,"href":"https:\/\/diariodigitalmx.com\/index.php\/wp-json\/wp\/v2\/posts\/145990\/revisions\/145993"}],"wp:featuredmedia":[{"embeddable":true,"href":"https:\/\/diariodigitalmx.com\/index.php\/wp-json\/wp\/v2\/media\/145992"}],"wp:attachment":[{"href":"https:\/\/diariodigitalmx.com\/index.php\/wp-json\/wp\/v2\/media?parent=145990"}],"wp:term":[{"taxonomy":"category","embeddable":true,"href":"https:\/\/diariodigitalmx.com\/index.php\/wp-json\/wp\/v2\/categories?post=145990"},{"taxonomy":"post_tag","embeddable":true,"href":"https:\/\/diariodigitalmx.com\/index.php\/wp-json\/wp\/v2\/tags?post=145990"}],"curies":[{"name":"wp","href":"https:\/\/api.w.org\/{rel}","templated":true}]}}