{"id":145994,"date":"2026-03-17T12:02:21","date_gmt":"2026-03-17T18:02:21","guid":{"rendered":"https:\/\/diariodigitalmx.com\/?p=145994"},"modified":"2026-03-17T12:02:52","modified_gmt":"2026-03-17T18:02:52","slug":"fuego-en-dos-bocas","status":"publish","type":"post","link":"https:\/\/diariodigitalmx.com\/index.php\/2026\/03\/17\/fuego-en-dos-bocas\/","title":{"rendered":"Fuego en Dos Bocas"},"content":{"rendered":"\n<p>De acuerdo a Petr\u00f3leos Mexicanos, la empresa control\u00f3 un incendio en la Refiner\u00eda Olmeca, en Dos Bocas, Para\u00edso que, pudo haber sido provocado por la acumulaci\u00f3n de posibles residuos de hidrocarburos derivada de las lluvias torrenciales e inundaciones registradas en la zona.<br>Pemex inform\u00f3 que el siniestro fue detectado alrededor de las 6:00 horas en la barda perimetral del predio 1, \u00e1rea de almacenamiento de hidrocarburos.<br>La empresa dijo que se continuar\u00e1 realizando las verificaciones correspondientes como parte de sus protocolos de seguridad industrial y protecci\u00f3n ambiental.<\/p>\n","protected":false},"excerpt":{"rendered":"<p>De acuerdo a Petr\u00f3leos Mexicanos, la empresa control\u00f3 un incendio en la Refiner\u00eda Olmeca, en Dos Bocas, Para\u00edso que, pudo haber sido provocado por la acumulaci\u00f3n de posibles residuos de hidrocarburos derivada de las lluvias torrenciales e inundaciones registradas en la zona.Pemex inform\u00f3 que el siniestro fue detectado alrededor de las 6:00 horas en la [&hellip;]<\/p>\n","protected":false},"author":1,"featured_media":145996,"comment_status":"open","ping_status":"open","sticky":true,"template":"","format":"standard","meta":{"footnotes":""},"categories":[2,3,5],"tags":[],"_links":{"self":[{"href":"https:\/\/diariodigitalmx.com\/index.php\/wp-json\/wp\/v2\/posts\/145994"}],"collection":[{"href":"https:\/\/diariodigitalmx.com\/index.php\/wp-json\/wp\/v2\/posts"}],"about":[{"href":"https:\/\/diariodigitalmx.com\/index.php\/wp-json\/wp\/v2\/types\/post"}],"author":[{"embeddable":true,"href":"https:\/\/diariodigitalmx.com\/index.php\/wp-json\/wp\/v2\/users\/1"}],"replies":[{"embeddable":true,"href":"https:\/\/diariodigitalmx.com\/index.php\/wp-json\/wp\/v2\/comments?post=145994"}],"version-history":[{"count":1,"href":"https:\/\/diariodigitalmx.com\/index.php\/wp-json\/wp\/v2\/posts\/145994\/revisions"}],"predecessor-version":[{"id":145995,"href":"https:\/\/diariodigitalmx.com\/index.php\/wp-json\/wp\/v2\/posts\/145994\/revisions\/145995"}],"wp:featuredmedia":[{"embeddable":true,"href":"https:\/\/diariodigitalmx.com\/index.php\/wp-json\/wp\/v2\/media\/145996"}],"wp:attachment":[{"href":"https:\/\/diariodigitalmx.com\/index.php\/wp-json\/wp\/v2\/media?parent=145994"}],"wp:term":[{"taxonomy":"category","embeddable":true,"href":"https:\/\/diariodigitalmx.com\/index.php\/wp-json\/wp\/v2\/categories?post=145994"},{"taxonomy":"post_tag","embeddable":true,"href":"https:\/\/diariodigitalmx.com\/index.php\/wp-json\/wp\/v2\/tags?post=145994"}],"curies":[{"name":"wp","href":"https:\/\/api.w.org\/{rel}","templated":true}]}}