{"id":146469,"date":"2026-04-05T11:31:06","date_gmt":"2026-04-05T17:31:06","guid":{"rendered":"https:\/\/diariodigitalmx.com\/?p=146469"},"modified":"2026-04-05T11:32:01","modified_gmt":"2026-04-05T17:32:01","slug":"pobreza-y-desconexion-el-doble-candado-que-impide-la-movilidad-social","status":"publish","type":"post","link":"https:\/\/diariodigitalmx.com\/index.php\/2026\/04\/05\/pobreza-y-desconexion-el-doble-candado-que-impide-la-movilidad-social\/","title":{"rendered":"Pobreza y desconexi\u00f3n, el doble candado que impide la movilidad social"},"content":{"rendered":"\n<p>En M\u00e9xico, 29.6% de la poblaci\u00f3n vive en pobreza, lo que equivale a 38.5 millones de personas, y millones de familias no tienen acceso a internet, un rezago que limita su educaci\u00f3n y opciones de empleo, de acuerdo con cifras del Instituto Nacional de Estad\u00edstica y Geograf\u00eda (INEGI).<br>Por ello, Cloud Telecom Networks, empresa mexicana de telecomunicaciones, anunci\u00f3 el impulso de un proyecto para llevar internet seguro y confiable a comunidades marginadas, en alianza con Unconnected.org, Starlink y Fundaci\u00f3n Fratelli Tutti. La iniciativa busca reducir brechas digitales que frenan el desarrollo social y econ\u00f3mico, mediante la conectividad aplicada a educaci\u00f3n, empleo, dos temas que hacen posible la permanencia de las personas en sus comunidades.<br>La infraestructura del proyecto permite alcanzar zonas donde otras redes no llegan. \u201cConectividad no significa solo tener internet, representa abrir una ventana de oportunidades para que las familias puedan educar a sus hijos, trabajar o permanecer en su hogar en lugar de optar por salir de sus comunidades; esto fortalece la unidad familiar\u201d, afirm\u00f3 Sergio Hermosillo, cofundador y CEO de Cloud Telecom Networks.<br>La primera fase contempla la conexi\u00f3n de 200 escuelas y 150 centros comunitarios, con la meta de alcanzar 1,000 planteles para 2026. Adem\u00e1s de la conectividad, el programa incorpora un componente de formaci\u00f3n para que el acceso se traduzca en capacidades.<br>En ese frente, participan aliados como Fundaci\u00f3n Coraz\u00f3n Ra\u00edz, Platzi, \u00daNETE, INROADS, aliado de empleabilidad, y Generation (McKinsey), enfocados en formaci\u00f3n de habilidades digitales y educaci\u00f3n financiera El objetivo es que los beneficiarios adquieran herramientas para incorporarse al mercado laboral o fortalecer actividades productivas dentro de sus comunidades.<\/p>\n","protected":false},"excerpt":{"rendered":"<p>En M\u00e9xico, 29.6% de la poblaci\u00f3n vive en pobreza, lo que equivale a 38.5 millones de personas, y millones de familias no tienen acceso a internet, un rezago que limita su educaci\u00f3n y opciones de empleo, de acuerdo con cifras del Instituto Nacional de Estad\u00edstica y Geograf\u00eda (INEGI).Por ello, Cloud Telecom Networks, empresa mexicana de [&hellip;]<\/p>\n","protected":false},"author":1,"featured_media":146471,"comment_status":"open","ping_status":"open","sticky":true,"template":"","format":"standard","meta":{"footnotes":""},"categories":[2,5],"tags":[],"_links":{"self":[{"href":"https:\/\/diariodigitalmx.com\/index.php\/wp-json\/wp\/v2\/posts\/146469"}],"collection":[{"href":"https:\/\/diariodigitalmx.com\/index.php\/wp-json\/wp\/v2\/posts"}],"about":[{"href":"https:\/\/diariodigitalmx.com\/index.php\/wp-json\/wp\/v2\/types\/post"}],"author":[{"embeddable":true,"href":"https:\/\/diariodigitalmx.com\/index.php\/wp-json\/wp\/v2\/users\/1"}],"replies":[{"embeddable":true,"href":"https:\/\/diariodigitalmx.com\/index.php\/wp-json\/wp\/v2\/comments?post=146469"}],"version-history":[{"count":1,"href":"https:\/\/diariodigitalmx.com\/index.php\/wp-json\/wp\/v2\/posts\/146469\/revisions"}],"predecessor-version":[{"id":146470,"href":"https:\/\/diariodigitalmx.com\/index.php\/wp-json\/wp\/v2\/posts\/146469\/revisions\/146470"}],"wp:featuredmedia":[{"embeddable":true,"href":"https:\/\/diariodigitalmx.com\/index.php\/wp-json\/wp\/v2\/media\/146471"}],"wp:attachment":[{"href":"https:\/\/diariodigitalmx.com\/index.php\/wp-json\/wp\/v2\/media?parent=146469"}],"wp:term":[{"taxonomy":"category","embeddable":true,"href":"https:\/\/diariodigitalmx.com\/index.php\/wp-json\/wp\/v2\/categories?post=146469"},{"taxonomy":"post_tag","embeddable":true,"href":"https:\/\/diariodigitalmx.com\/index.php\/wp-json\/wp\/v2\/tags?post=146469"}],"curies":[{"name":"wp","href":"https:\/\/api.w.org\/{rel}","templated":true}]}}