{"id":1468,"date":"2019-03-22T15:45:27","date_gmt":"2019-03-22T21:45:27","guid":{"rendered":"http:\/\/diariodigitalmx.com\/?p=1468"},"modified":"2019-03-22T15:45:27","modified_gmt":"2019-03-22T21:45:27","slug":"se-dan-el-si-matrimonial-mas-de-200-parejas-en-escobedo-n-l","status":"publish","type":"post","link":"https:\/\/diariodigitalmx.com\/index.php\/2019\/03\/22\/se-dan-el-si-matrimonial-mas-de-200-parejas-en-escobedo-n-l\/","title":{"rendered":"Se dan el s\u00ed matrimonial m\u00e1s de 200 parejas en Escobedo N. L"},"content":{"rendered":"\n<p>* &#8220;Lo que m\u00e1s gusta de ella, que no es corajuda&#8221;: M\u00e1ximo, de 69 a\u00f1os.<\/p>\n\n\n\n<p>David Casas<\/p>\n\n\n\n<p>&nbsp;Escobedo, N. L.- &nbsp;Hac\u00eda fr\u00edo, lloviznaba, pero eso no import\u00f3 y m\u00e1s de 200 parejas contrajeron nupcias en una boda colectiva. Entre ellos, cas\u00f3 una pareja de sexagenarios: \u201clo que me gusta de Rita es que no es corajuda\u201d, dijo M\u00e1ximo, de 69 a\u00f1os, un a\u00f1o mayor que su ahora esposa legal.<\/p>\n\n\n\n<p>Rita y M\u00e1ximo, se conocieron en la Cl\u00ednica No. 43 del municipio de Escobedo, al norte de la zona metropolitana, luego de 15 a\u00f1os de relaci\u00f3n decidieron dar el siguiente paso, unirse legalmente y, al mismo tiempo, aprovechar el evento Matrimonios Colectivos, organizado por la Administraci\u00f3n de la Alcaldesa Clara Luz Flores, en la Unidad Deportiva \u201cLa Alianza\u201d.<\/p>\n\n\n\n<p>\u201cCon el matrimonio, ellos ya tienen la certeza jur\u00eddica como pareja, le dan estabilidad a su familia y seguridad a sus hijos \u201c, coment\u00f3 el Secretario del Ayuntamiento, Andr\u00e9s Mijes Llovera, quien compart\u00eda con las decenas de parejas que luego disfrutaron del convivi\u00f3, tras la ceremonia y el ritual oficial que se realiz\u00f3 en conjunto con el Registro Civil de Gobierno del Estado y en donde las autoridades destacaron la importancia del matrimonio, los derechos y obligaciones que conlleva.<\/p>\n\n\n\n<p>Entre los matrimonios m\u00e1s j\u00f3venes sobresal\u00edan Jorge Arturo Arreola, de 18 a\u00f1os, y Victoria Yoselin \u00c1lvarez, de 19, quienes tienen una beb\u00e9 de 6 meses, los que orgullosos mostraban el documento que los acredita como esposos y la posibilidad de dar una certeza jur\u00eddica a su uni\u00f3n y su hija, \u201cm\u00e1s los que tengan\u201d, dijo una voz entre la multitud.<\/p>\n\n\n\n<p>Estuvieron presentes el Tesorero C\u00e9sar Le\u00edja y la Presidenta del DIF Municipal, Blanca Trevi\u00f1o de Bailey, quien indic\u00f3 que ante la demanda se planea realizar un segundo evento, pues las bodas colectivas han sido bien aceptadas.<\/p>\n\n\n\n<p>Despu\u00e9s de la parafernalia como cualquier boda tradicional, los matrimonios disfrutaron de comida, pastel, m\u00fasica y mariachi con los consiguientes pasos de baile.<\/p>\n\n\n\n<p>Las decenas de novios, la mayor\u00eda con hijos, se mostraron felices del momento que vivieron y las mujeres las m\u00e1s emocionadas, vest\u00edan de blanco y con sus ramos de rosas.<\/p>\n\n\n\n<p>Rita y M\u00e1ximo re\u00edan, observaban, degustaban el pastel, platicaban, susurraban, contagiaban la alegr\u00eda. \u201cDan ganas de volver a casarse\u201d, coment\u00f3 un joven fot\u00f3grafo.<\/p>\n\n\n\n<p>Vecinos de la Colonia La Isla, dicen que la uni\u00f3n matrimonial les permitir\u00e1 asegurar su vejez respecto al seguro m\u00e9dico, jubilaciones y derechos conyugales.<\/p>\n\n\n\n<p>Extrovertido, M\u00e1ximo, entre sonrisas no cesaba de resaltar las cualidades de Rita: \u201cLo que me gusta de ella es que no es corajuda, tiene buen genio y es amable conmigo\u201d.<\/p>\n","protected":false},"excerpt":{"rendered":"<p>* &#8220;Lo que m\u00e1s gusta de ella, que no es corajuda&#8221;: M\u00e1ximo, de 69 a\u00f1os. David Casas &nbsp;Escobedo, N. L.- &nbsp;Hac\u00eda fr\u00edo, lloviznaba, pero eso no import\u00f3 y m\u00e1s de 200 parejas contrajeron nupcias en una boda colectiva. Entre ellos, cas\u00f3 una pareja de sexagenarios: \u201clo que me gusta de Rita es que no es [&hellip;]<\/p>\n","protected":false},"author":1,"featured_media":1469,"comment_status":"open","ping_status":"open","sticky":true,"template":"","format":"standard","meta":{"footnotes":""},"categories":[6],"tags":[],"_links":{"self":[{"href":"https:\/\/diariodigitalmx.com\/index.php\/wp-json\/wp\/v2\/posts\/1468"}],"collection":[{"href":"https:\/\/diariodigitalmx.com\/index.php\/wp-json\/wp\/v2\/posts"}],"about":[{"href":"https:\/\/diariodigitalmx.com\/index.php\/wp-json\/wp\/v2\/types\/post"}],"author":[{"embeddable":true,"href":"https:\/\/diariodigitalmx.com\/index.php\/wp-json\/wp\/v2\/users\/1"}],"replies":[{"embeddable":true,"href":"https:\/\/diariodigitalmx.com\/index.php\/wp-json\/wp\/v2\/comments?post=1468"}],"version-history":[{"count":1,"href":"https:\/\/diariodigitalmx.com\/index.php\/wp-json\/wp\/v2\/posts\/1468\/revisions"}],"predecessor-version":[{"id":1470,"href":"https:\/\/diariodigitalmx.com\/index.php\/wp-json\/wp\/v2\/posts\/1468\/revisions\/1470"}],"wp:featuredmedia":[{"embeddable":true,"href":"https:\/\/diariodigitalmx.com\/index.php\/wp-json\/wp\/v2\/media\/1469"}],"wp:attachment":[{"href":"https:\/\/diariodigitalmx.com\/index.php\/wp-json\/wp\/v2\/media?parent=1468"}],"wp:term":[{"taxonomy":"category","embeddable":true,"href":"https:\/\/diariodigitalmx.com\/index.php\/wp-json\/wp\/v2\/categories?post=1468"},{"taxonomy":"post_tag","embeddable":true,"href":"https:\/\/diariodigitalmx.com\/index.php\/wp-json\/wp\/v2\/tags?post=1468"}],"curies":[{"name":"wp","href":"https:\/\/api.w.org\/{rel}","templated":true}]}}