{"id":146950,"date":"2026-04-21T23:30:42","date_gmt":"2026-04-22T05:30:42","guid":{"rendered":"https:\/\/diariodigitalmx.com\/?p=146950"},"modified":"2026-04-21T23:31:15","modified_gmt":"2026-04-22T05:31:15","slug":"propone-perla-villarreal-arborizar-escuelas-por-ley","status":"publish","type":"post","link":"https:\/\/diariodigitalmx.com\/index.php\/2026\/04\/21\/propone-perla-villarreal-arborizar-escuelas-por-ley\/","title":{"rendered":"Propone Perla Villarreal arborizar escuelas por ley"},"content":{"rendered":"\n<p>Con el fin de mejorar la calidad de vida, el bienestar emocional y el rendimiento acad\u00e9mico de ni\u00f1as, ni\u00f1os y adolescentes, la Coordinadora del Grupo Legislativo del PRD, Perla Villarreal Valdez, present\u00f3 iniciativa de reforma a la Ley para la Conservaci\u00f3n y Protecci\u00f3n del Arbolado Urbano para establecer como obligaci\u00f3n que el Estado y los Municipios elaboren programas y campa\u00f1as de arborizaci\u00f3n en las escuelas p\u00fablicas, tanto en su interior como en sus \u00e1reas exteriores.<\/p>\n\n\n\n<p>Durante la exposici\u00f3n del tema en tribuna, la legisladora destac\u00f3 que la arborizaci\u00f3n no solo contribuye a embellecer los espacios, sino que cumple funciones fundamentales como la producci\u00f3n de ox\u00edgeno, la captura de di\u00f3xido de carbono, la reducci\u00f3n de temperaturas y la mejora en la calidad del aire.<\/p>\n\n\n\n<p>\u201cLa falta de \u00e1rboles en muchas escuelas p\u00fablicas de Nuevo Le\u00f3n genera condiciones adversas para el aprendizaje, especialmente ante el incremento de las olas de calor. Buscamos garantizar espacios dignos, saludables y sustentables para nuestras ni\u00f1as, ni\u00f1os y adolescentes\u201d, expres\u00f3.<\/p>\n\n\n\n<p>\u201cLa iniciativa contempla la coordinaci\u00f3n entre el Estado y los Municipios, donde el primero ser\u00e1 responsable de dise\u00f1ar y evaluar los programas, mientras que los ayuntamientos ejecutar\u00e1n campa\u00f1as de arborizaci\u00f3n, priorizando el uso de especies nativas y adecuadas al entorno local\u201d, agreg\u00f3.<\/p>\n\n\n\n<p>Se propone reformar el art\u00edculo 9 para incluir la atribuci\u00f3n de promover la arborizaci\u00f3n en escuelas p\u00fablicas, as\u00ed como el art\u00edculo 10 para facultar a los Municipios a implementar campa\u00f1as de arborizaci\u00f3n en el exterior de los planteles educativos.<\/p>\n\n\n\n<p>Villarreal Valdez subray\u00f3 que diversos estudios han demostrado que las \u00e1reas verdes dentro de los entornos escolares ayudan a reducir el estr\u00e9s, mejoran la concentraci\u00f3n y favorecen el desarrollo cognitivo de las y los estudiantes.<\/p>\n","protected":false},"excerpt":{"rendered":"<p>Con el fin de mejorar la calidad de vida, el bienestar emocional y el rendimiento acad\u00e9mico de ni\u00f1as, ni\u00f1os y adolescentes, la Coordinadora del Grupo Legislativo del PRD, Perla Villarreal Valdez, present\u00f3 iniciativa de reforma a la Ley para la Conservaci\u00f3n y Protecci\u00f3n del Arbolado Urbano para establecer como obligaci\u00f3n que el Estado y los [&hellip;]<\/p>\n","protected":false},"author":1,"featured_media":146952,"comment_status":"open","ping_status":"open","sticky":true,"template":"","format":"standard","meta":{"footnotes":""},"categories":[6],"tags":[],"_links":{"self":[{"href":"https:\/\/diariodigitalmx.com\/index.php\/wp-json\/wp\/v2\/posts\/146950"}],"collection":[{"href":"https:\/\/diariodigitalmx.com\/index.php\/wp-json\/wp\/v2\/posts"}],"about":[{"href":"https:\/\/diariodigitalmx.com\/index.php\/wp-json\/wp\/v2\/types\/post"}],"author":[{"embeddable":true,"href":"https:\/\/diariodigitalmx.com\/index.php\/wp-json\/wp\/v2\/users\/1"}],"replies":[{"embeddable":true,"href":"https:\/\/diariodigitalmx.com\/index.php\/wp-json\/wp\/v2\/comments?post=146950"}],"version-history":[{"count":1,"href":"https:\/\/diariodigitalmx.com\/index.php\/wp-json\/wp\/v2\/posts\/146950\/revisions"}],"predecessor-version":[{"id":146951,"href":"https:\/\/diariodigitalmx.com\/index.php\/wp-json\/wp\/v2\/posts\/146950\/revisions\/146951"}],"wp:featuredmedia":[{"embeddable":true,"href":"https:\/\/diariodigitalmx.com\/index.php\/wp-json\/wp\/v2\/media\/146952"}],"wp:attachment":[{"href":"https:\/\/diariodigitalmx.com\/index.php\/wp-json\/wp\/v2\/media?parent=146950"}],"wp:term":[{"taxonomy":"category","embeddable":true,"href":"https:\/\/diariodigitalmx.com\/index.php\/wp-json\/wp\/v2\/categories?post=146950"},{"taxonomy":"post_tag","embeddable":true,"href":"https:\/\/diariodigitalmx.com\/index.php\/wp-json\/wp\/v2\/tags?post=146950"}],"curies":[{"name":"wp","href":"https:\/\/api.w.org\/{rel}","templated":true}]}}