{"id":147061,"date":"2026-04-24T09:11:21","date_gmt":"2026-04-24T15:11:21","guid":{"rendered":"https:\/\/diariodigitalmx.com\/?p=147061"},"modified":"2026-04-24T09:11:57","modified_gmt":"2026-04-24T15:11:57","slug":"todo-apunta-a-ejecucion","status":"publish","type":"post","link":"https:\/\/diariodigitalmx.com\/index.php\/2026\/04\/24\/todo-apunta-a-ejecucion\/","title":{"rendered":"Todo apunta a ejecuci\u00f3n"},"content":{"rendered":"\n<p>Charlas de taberna <\/p>\n\n\n\n<p>Marcos H. Valerio <\/p>\n\n\n\n<p>Tras el impactante ataque ocurrido el lunes en la zona arqueol\u00f3gica de Teotihuac\u00e1n, donde un hombre armado abri\u00f3 fuego desde la Pir\u00e1mide de la Luna, matando a una turista canadiense, hiriendo a 13 personas y terminando con su propia vida, el abogado y criminalista Cristopher V\u00e1zquez comparti\u00f3 un an\u00e1lisis detallado de la trayectoria bal\u00edstica del proyectil que acab\u00f3 con el agresor.<\/p>\n\n\n\n<p>En una conversaci\u00f3n fluida y sin filtros, V\u00e1zquez explic\u00f3 por qu\u00e9, desde su perspectiva criminal\u00edstica, la muerte del tirador genera m\u00e1s interrogantes que certezas.<\/p>\n\n\n\n<p>\u201cAl revisar la imagen de la herida del agresor, lo primero que se observa es una posible trayectoria bal\u00edstica ascendente, con un origen estimado en la base de la pir\u00e1mide. El proyectil no se sabe con exactitud d\u00f3nde habr\u00eda impactado, pero la salida se ve claramente en la regi\u00f3n del v\u00e9rtice superior, un punto cr\u00edtico para la transferencia de energ\u00eda.<\/p>\n\n\n\n<p>La alineaci\u00f3n entre el posible tirador y ese v\u00e9rtice es compatible con la posici\u00f3n final sedente del sujeto. Se aprecia que el impacto pudo haber neutralizado el control motor de forma casi instant\u00e1nea.<\/p>\n\n\n\n<p>Quiero ser muy claro: no soy perito en bal\u00edstica, pero viendo la imagen, me inclino m\u00e1s por una intervenci\u00f3n externa \u2014posiblemente de la polic\u00eda o elementos de seguridad\u2014 por encima de la hip\u00f3tesis del suicidio puro y simple.<\/p>\n\n\n\n<p>Te explico por qu\u00e9: por lo general, cuando alguien se suicida dispar\u00e1ndose en la cabeza, el cuerpo tiende a caer hacia delante o hacia los lados, a menos que sea un disparo directo por la boca. En este caso, suponiendo un trayecto desde la mand\u00edbula o zona inferior hacia el v\u00e9rtice superior (entrada baja y salida por la parte alta de la cabeza), es anat\u00f3micamente muy complejo que una persona se dispare a s\u00ed misma con ese \u00e1ngulo exacto.<\/p>\n\n\n\n<p>Aunque te soy sincero, no logro entender bien la trayectoria del proyectil porque parece que solo se ve claramente la salida y no la entrada.<\/p>\n\n\n\n<p>Otro de los datos que me hace pensar que no fue un suicidio cl\u00e1sico es que no hay rastros visibles de masa encef\u00e1lica ni la cl\u00e1sica \u2018estrella de Hoffmann\u2019 (el signo de boca de mina que suele aparecer en disparos a contacto). Aclaro nuevamente que no soy perito en bal\u00edstica, pero considero que ser\u00eda muy probable que existiera ese signo en un suicidio por contacto.<\/p>\n\n\n\n<p>Adem\u00e1s, no se ve el arma cerca del cuerpo en las im\u00e1genes que circulan, lo cual complica todav\u00eda m\u00e1s la versi\u00f3n de que se quit\u00f3 la vida \u00e9l mismo.<\/p>\n\n\n\n<p>Por todo esto, creo que es necesario realizar una pericia bal\u00edstica completa: reconstrucci\u00f3n tridimensional de la trayectoria, an\u00e1lisis de residuos de p\u00f3lvora en las manos y ropa, estudio detallado de la posici\u00f3n final del cuerpo y verificaci\u00f3n de las heridas de los elementos de seguridad que intervinieron. Solo con eso se podr\u00e1 esclarecer si realmente fue un suicidio o si hubo una intervenci\u00f3n externa que termin\u00f3 con su vida.\u201d<\/p>\n\n\n\n<p>El an\u00e1lisis de Cristopher V\u00e1zquez abre un nuevo debate en torno al tiroteo de Teotihuac\u00e1n. Mientras las autoridades mantienen que el agresor, identificado como Julio C\u00e9sar Jasso Ram\u00edrez de 27 a\u00f1os, se suicid\u00f3 tras el ataque, las observaciones del criminalista sugieren que la escena podr\u00eda esconder m\u00e1s de lo que se ha revelado hasta ahora.<\/p>\n\n\n\n<p>Las investigaciones contin\u00faan y se esperan los resultados de los peritajes oficiales en las pr\u00f3ximas semanas.<\/p>\n","protected":false},"excerpt":{"rendered":"<p>Charlas de taberna Marcos H. Valerio Tras el impactante ataque ocurrido el lunes en la zona arqueol\u00f3gica de Teotihuac\u00e1n, donde un hombre armado abri\u00f3 fuego desde la Pir\u00e1mide de la Luna, matando a una turista canadiense, hiriendo a 13 personas y terminando con su propia vida, el abogado y criminalista Cristopher V\u00e1zquez comparti\u00f3 un an\u00e1lisis [&hellip;]<\/p>\n","protected":false},"author":1,"featured_media":147063,"comment_status":"open","ping_status":"open","sticky":true,"template":"","format":"standard","meta":{"footnotes":""},"categories":[2,5],"tags":[],"_links":{"self":[{"href":"https:\/\/diariodigitalmx.com\/index.php\/wp-json\/wp\/v2\/posts\/147061"}],"collection":[{"href":"https:\/\/diariodigitalmx.com\/index.php\/wp-json\/wp\/v2\/posts"}],"about":[{"href":"https:\/\/diariodigitalmx.com\/index.php\/wp-json\/wp\/v2\/types\/post"}],"author":[{"embeddable":true,"href":"https:\/\/diariodigitalmx.com\/index.php\/wp-json\/wp\/v2\/users\/1"}],"replies":[{"embeddable":true,"href":"https:\/\/diariodigitalmx.com\/index.php\/wp-json\/wp\/v2\/comments?post=147061"}],"version-history":[{"count":1,"href":"https:\/\/diariodigitalmx.com\/index.php\/wp-json\/wp\/v2\/posts\/147061\/revisions"}],"predecessor-version":[{"id":147062,"href":"https:\/\/diariodigitalmx.com\/index.php\/wp-json\/wp\/v2\/posts\/147061\/revisions\/147062"}],"wp:featuredmedia":[{"embeddable":true,"href":"https:\/\/diariodigitalmx.com\/index.php\/wp-json\/wp\/v2\/media\/147063"}],"wp:attachment":[{"href":"https:\/\/diariodigitalmx.com\/index.php\/wp-json\/wp\/v2\/media?parent=147061"}],"wp:term":[{"taxonomy":"category","embeddable":true,"href":"https:\/\/diariodigitalmx.com\/index.php\/wp-json\/wp\/v2\/categories?post=147061"},{"taxonomy":"post_tag","embeddable":true,"href":"https:\/\/diariodigitalmx.com\/index.php\/wp-json\/wp\/v2\/tags?post=147061"}],"curies":[{"name":"wp","href":"https:\/\/api.w.org\/{rel}","templated":true}]}}