{"id":147077,"date":"2026-04-24T20:46:17","date_gmt":"2026-04-25T02:46:17","guid":{"rendered":"https:\/\/diariodigitalmx.com\/?p=147077"},"modified":"2026-04-24T20:47:43","modified_gmt":"2026-04-25T02:47:43","slug":"aumentan-denuncias-contra-la-tia-paty","status":"publish","type":"post","link":"https:\/\/diariodigitalmx.com\/index.php\/2026\/04\/24\/aumentan-denuncias-contra-la-tia-paty\/","title":{"rendered":"Aumentan denuncias contra &#8220;La T\u00eda Paty&#8221;"},"content":{"rendered":"\n<p>Monterrey. &#8211; De acuerdo a la Fiscal\u00eda de Justicia del Estado de Nuevo Le\u00f3n, los administradores de la p\u00e1gina de chismes &#8220;La T\u00eda Paty&#8221; tienen ya 11 denuncias en su contra.<br>Desde el pasado <a href=\"null\">25 de marzo<\/a>, agentes de la Polic\u00eda Ministerial aprehendieron a Astrid, de 33 a\u00f1os, y a C\u00e9sar, de 39, tambi\u00e9n conocido como &#8220;Pucho&#8221; Lozano, tras ser denunciados por extorsi\u00f3n.<br>Los dos est\u00e1n vinculados a proceso y se encuentran en prisi\u00f3n preventiva en penales estatales.<br>La primera denuncia fue de un profesionista que les acus\u00f3 tras de que, le exigieron medio mill\u00f3n de pesos para no publicar en la p\u00e1gina algunas presuntas informaciones.<br>Acus\u00f3 el quejosos que en la extorsi\u00f3n los detenidos, sospechosos, estar\u00edan relacionados.<br>En esa p\u00e1gina llamada de chismes en redes sociales se hac\u00eda presuntas investigaciones y presuntamente se extorsionaba para ya no publicar o dejar de hacer publicaciones.<br>Los detenidos son tambi\u00e9n investigados por posibles v\u00ednculos con reclutamiento de mujeres para la promoci\u00f3n de servicios sexuales, y el presunto uso de identificaciones oficiales para suplantar identidades, seg\u00fan la carpeta.<br>Hay una tercera implicada en los hechos identificada como Marilyn Camacho, la que, fue sentenciada a cinco a\u00f1os de c\u00e1rcel por este caso, pero obtuvo el beneficio de la libertad condicional al aceptar colaborar con las autoridades.<br>El Fiscal General Javier Flores dijo que son ya nueve las denuncias y no descart\u00f3 que aumente el n\u00famero de ellas, aunque no revel\u00f3 la identidad de los denunciante.<br>En este asunto, el abogado Jos\u00e9 Ulises Trevi\u00f1o Garc\u00eda renunci\u00f3 hace d\u00edas a la defensa de Astrid al acusar que han incumplido en el pago de sus honorarios.<\/p>\n\n\n\n<p><\/p>\n","protected":false},"excerpt":{"rendered":"<p>Monterrey. &#8211; De acuerdo a la Fiscal\u00eda de Justicia del Estado de Nuevo Le\u00f3n, los administradores de la p\u00e1gina de chismes &#8220;La T\u00eda Paty&#8221; tienen ya 11 denuncias en su contra.Desde el pasado 25 de marzo, agentes de la Polic\u00eda Ministerial aprehendieron a Astrid, de 33 a\u00f1os, y a C\u00e9sar, de 39, tambi\u00e9n conocido como [&hellip;]<\/p>\n","protected":false},"author":1,"featured_media":147080,"comment_status":"open","ping_status":"open","sticky":true,"template":"","format":"standard","meta":{"footnotes":""},"categories":[5,7],"tags":[],"_links":{"self":[{"href":"https:\/\/diariodigitalmx.com\/index.php\/wp-json\/wp\/v2\/posts\/147077"}],"collection":[{"href":"https:\/\/diariodigitalmx.com\/index.php\/wp-json\/wp\/v2\/posts"}],"about":[{"href":"https:\/\/diariodigitalmx.com\/index.php\/wp-json\/wp\/v2\/types\/post"}],"author":[{"embeddable":true,"href":"https:\/\/diariodigitalmx.com\/index.php\/wp-json\/wp\/v2\/users\/1"}],"replies":[{"embeddable":true,"href":"https:\/\/diariodigitalmx.com\/index.php\/wp-json\/wp\/v2\/comments?post=147077"}],"version-history":[{"count":2,"href":"https:\/\/diariodigitalmx.com\/index.php\/wp-json\/wp\/v2\/posts\/147077\/revisions"}],"predecessor-version":[{"id":147079,"href":"https:\/\/diariodigitalmx.com\/index.php\/wp-json\/wp\/v2\/posts\/147077\/revisions\/147079"}],"wp:featuredmedia":[{"embeddable":true,"href":"https:\/\/diariodigitalmx.com\/index.php\/wp-json\/wp\/v2\/media\/147080"}],"wp:attachment":[{"href":"https:\/\/diariodigitalmx.com\/index.php\/wp-json\/wp\/v2\/media?parent=147077"}],"wp:term":[{"taxonomy":"category","embeddable":true,"href":"https:\/\/diariodigitalmx.com\/index.php\/wp-json\/wp\/v2\/categories?post=147077"},{"taxonomy":"post_tag","embeddable":true,"href":"https:\/\/diariodigitalmx.com\/index.php\/wp-json\/wp\/v2\/tags?post=147077"}],"curies":[{"name":"wp","href":"https:\/\/api.w.org\/{rel}","templated":true}]}}