{"id":147094,"date":"2026-04-25T21:34:02","date_gmt":"2026-04-26T03:34:02","guid":{"rendered":"https:\/\/diariodigitalmx.com\/?p=147094"},"modified":"2026-04-25T21:35:30","modified_gmt":"2026-04-26T03:35:30","slug":"va-organizaciones-vecinales-hasta-el-cerro-del-topo-chico","status":"publish","type":"post","link":"https:\/\/diariodigitalmx.com\/index.php\/2026\/04\/25\/va-organizaciones-vecinales-hasta-el-cerro-del-topo-chico\/","title":{"rendered":"Va organizaciones vecinales hasta el cerro del Topo Chico"},"content":{"rendered":"\n<p>Como se dice de manera popular, Osvaldo Serna fue \u201chasta la punta del cerro\u201d a entregar apoyos sociales.<\/p>\n\n\n\n<p>Si el cerro del Topo Chico hablara, denunciar\u00eda con la voz de un gigante que en la colonia Uni\u00f3n Pueblo hay escasez econ\u00f3mica, enfermedad y, sobre todo, abandono institucional.<\/p>\n\n\n\n<p>Es claro que a ese sector no han llegado, no han subido, candidatos ni gobernantes, menos diputados, los representantes populares que se han hecho famosos por nunca regresar a sus distritos: \u00a1siquiera a escuchar\u00a1<\/p>\n\n\n\n<p>Pero, ahora llegaron las organizaciones vecinales TESER llamadas por los habitantes de la Uni\u00f3n Pueblo que recibieron ayuda y o\u00eddos para escuchar sus padecimientos. Es gente muy noble, pues, Osvaldo Serna entreg\u00f3 despensas y baj\u00f3 de la monta\u00f1a cargado de bendiciones:-\u201dDios lo bendiga\u201d-. \u201cVaya con Dios\u201d-.<\/p>\n\n\n\n<figure class=\"wp-block-image size-large\"><img loading=\"lazy\" decoding=\"async\" width=\"768\" height=\"1024\" src=\"https:\/\/diariodigitalmx.com\/wp-content\/uploads\/2026\/04\/334471-768x1024.jpg\" alt=\"\" class=\"wp-image-147097\" srcset=\"https:\/\/diariodigitalmx.com\/wp-content\/uploads\/2026\/04\/334471-768x1024.jpg 768w, https:\/\/diariodigitalmx.com\/wp-content\/uploads\/2026\/04\/334471-225x300.jpg 225w, https:\/\/diariodigitalmx.com\/wp-content\/uploads\/2026\/04\/334471-1152x1536.jpg 1152w, https:\/\/diariodigitalmx.com\/wp-content\/uploads\/2026\/04\/334471.jpg 1536w\" sizes=\"(max-width: 768px) 100vw, 768px\" \/><\/figure>\n\n\n\n<p>Y la gente desea que las organizaciones vecinales TESER vuelvan con m\u00e1s apoyos y sobre todo gestiones para aliviar la enfermedad, los estudios y tratamientos m\u00e9dicos.<\/p>\n\n\n\n<p>Al fondo el barrio est\u00e1 limitado por las enormes paredes antinaturales que le hicieron las pedreras al cerro. La todav\u00eda imponente monta\u00f1a llorar\u00eda con lamentos de trueno las b\u00e1rbaras heridas que -durante d\u00e9cadas- le causaron las insaciables pedreras.<\/p>\n\n\n\n<p>El cerro presenta los guada\u00f1azos en una imagen que ilustra claramente los estragos del capitalismo salvaje y depredador que, s\u00ed, ha urbanizado la antigua ciudad chaparra y sucia, aunque, con crueles consecuencias, como la contaminaci\u00f3n metropolitana apreciable desde las alturas, all\u00e1, en la colonia Uni\u00f3n Pueblo.<\/p>\n\n\n\n<p>\u00a1Miren la contaminaci\u00f3n ambiental all\u00e1 abajo\u00a1, se\u00f1ala el periodista divisando la mentada \u201cnata\u201d que provocan la industria y los escapes de millones de veh\u00edculos que circulan por la metr\u00f3poli, aunque s\u00f3lo se la quieren achacar a la refiner\u00eda de Cadereyta.<\/p>\n\n\n\n<p>El veh\u00edculo de Osvaldo Serna rug\u00eda y se quejaba cuando remontaba la cuesta arriba con calles en laberinto. S\u00f3lo la pericia al volante del l\u00edder sindicalista nos llev\u00f3 hasta el barrio de los vecinos, ante un pozo, ante la inmensa pared que hac\u00eda ver el alma y el coraz\u00f3n del cerro Topo Chico, famoso por sus manantiales, agredido descaradamente por las pedreras.<\/p>\n\n\n\n<figure class=\"wp-block-image size-large\"><img loading=\"lazy\" decoding=\"async\" width=\"768\" height=\"1024\" src=\"https:\/\/diariodigitalmx.com\/wp-content\/uploads\/2026\/04\/334472-768x1024.jpg\" alt=\"\" class=\"wp-image-147099\" srcset=\"https:\/\/diariodigitalmx.com\/wp-content\/uploads\/2026\/04\/334472-768x1024.jpg 768w, https:\/\/diariodigitalmx.com\/wp-content\/uploads\/2026\/04\/334472-225x300.jpg 225w, https:\/\/diariodigitalmx.com\/wp-content\/uploads\/2026\/04\/334472-1152x1536.jpg 1152w, https:\/\/diariodigitalmx.com\/wp-content\/uploads\/2026\/04\/334472.jpg 1536w\" sizes=\"(max-width: 768px) 100vw, 768px\" \/><\/figure>\n\n\n\n<p>-S\u00ed, as\u00ed lodejaron las pedreras\u201d-, coincidieron en se\u00f1alar las vecinas y vecinos cuyas casas est\u00e1n levantadas mediante la autoconstrucci\u00f3n al pie de un enorme risco.<\/p>\n\n\n\n<p>-\u201dEsos riscos no crujen, no se han ca\u00eddo\u201d-, pregunta el reportero-\u201dNo\u201d, responde una vecina cuya vivienda tiene una peque\u00f1a pieza con un techo aferrado con piedras y blocks contra los ventarrones en las alturas de Monterrey, la ciudad de las monta\u00f1as\u2026agredidas en sus bosques, suelos, y en sus vetas y en sus canteras.<\/p>\n","protected":false},"excerpt":{"rendered":"<p>Como se dice de manera popular, Osvaldo Serna fue \u201chasta la punta del cerro\u201d a entregar apoyos sociales. Si el cerro del Topo Chico hablara, denunciar\u00eda con la voz de un gigante que en la colonia Uni\u00f3n Pueblo hay escasez econ\u00f3mica, enfermedad y, sobre todo, abandono institucional. Es claro que a ese sector no han [&hellip;]<\/p>\n","protected":false},"author":1,"featured_media":147096,"comment_status":"open","ping_status":"open","sticky":true,"template":"","format":"standard","meta":{"footnotes":""},"categories":[6],"tags":[],"_links":{"self":[{"href":"https:\/\/diariodigitalmx.com\/index.php\/wp-json\/wp\/v2\/posts\/147094"}],"collection":[{"href":"https:\/\/diariodigitalmx.com\/index.php\/wp-json\/wp\/v2\/posts"}],"about":[{"href":"https:\/\/diariodigitalmx.com\/index.php\/wp-json\/wp\/v2\/types\/post"}],"author":[{"embeddable":true,"href":"https:\/\/diariodigitalmx.com\/index.php\/wp-json\/wp\/v2\/users\/1"}],"replies":[{"embeddable":true,"href":"https:\/\/diariodigitalmx.com\/index.php\/wp-json\/wp\/v2\/comments?post=147094"}],"version-history":[{"count":2,"href":"https:\/\/diariodigitalmx.com\/index.php\/wp-json\/wp\/v2\/posts\/147094\/revisions"}],"predecessor-version":[{"id":147100,"href":"https:\/\/diariodigitalmx.com\/index.php\/wp-json\/wp\/v2\/posts\/147094\/revisions\/147100"}],"wp:featuredmedia":[{"embeddable":true,"href":"https:\/\/diariodigitalmx.com\/index.php\/wp-json\/wp\/v2\/media\/147096"}],"wp:attachment":[{"href":"https:\/\/diariodigitalmx.com\/index.php\/wp-json\/wp\/v2\/media?parent=147094"}],"wp:term":[{"taxonomy":"category","embeddable":true,"href":"https:\/\/diariodigitalmx.com\/index.php\/wp-json\/wp\/v2\/categories?post=147094"},{"taxonomy":"post_tag","embeddable":true,"href":"https:\/\/diariodigitalmx.com\/index.php\/wp-json\/wp\/v2\/tags?post=147094"}],"curies":[{"name":"wp","href":"https:\/\/api.w.org\/{rel}","templated":true}]}}