{"id":147106,"date":"2026-04-25T23:11:42","date_gmt":"2026-04-26T05:11:42","guid":{"rendered":"https:\/\/diariodigitalmx.com\/?p=147106"},"modified":"2026-04-25T23:14:41","modified_gmt":"2026-04-26T05:14:41","slug":"es-morales-rivera-coordinador-del-consejo-metropolitano-de-la-cronica-en-nl","status":"publish","type":"post","link":"https:\/\/diariodigitalmx.com\/index.php\/2026\/04\/25\/es-morales-rivera-coordinador-del-consejo-metropolitano-de-la-cronica-en-nl\/","title":{"rendered":"Es Morales Rivera Coordinador del Consejo Metropolitano de la Cr\u00f3nica en NL"},"content":{"rendered":"\n<figure class=\"wp-block-image size-large\"><img loading=\"lazy\" decoding=\"async\" width=\"1024\" height=\"768\" src=\"https:\/\/diariodigitalmx.com\/wp-content\/uploads\/2026\/04\/333536-1024x768.jpg\" alt=\"\" class=\"wp-image-147110\" srcset=\"https:\/\/diariodigitalmx.com\/wp-content\/uploads\/2026\/04\/333536-1024x768.jpg 1024w, https:\/\/diariodigitalmx.com\/wp-content\/uploads\/2026\/04\/333536-300x225.jpg 300w, https:\/\/diariodigitalmx.com\/wp-content\/uploads\/2026\/04\/333536-768x576.jpg 768w, https:\/\/diariodigitalmx.com\/wp-content\/uploads\/2026\/04\/333536-1536x1152.jpg 1536w, https:\/\/diariodigitalmx.com\/wp-content\/uploads\/2026\/04\/333536-2048x1536.jpg 2048w\" sizes=\"(max-width: 1024px) 100vw, 1024px\" \/><\/figure>\n\n\n\n<p>El Diputado H\u00e9ctor Morales Rivera, tom\u00f3 protesta como Coordinador General del Consejo Metropolitano de la Cr\u00f3nica A. C.<br>En una sesi\u00f3n realizada en el sal\u00f3n Bicentenario del Congreso de Nuevo Le\u00f3n, Morales entreg\u00f3 nombramientos a los integrantes de la mesa directiva para el periodo 2026-2027 los que tambi\u00e9n rindieron protesta.<br>Morales Rivera dio a conocer los retos y proyectos que tendr\u00e1n en el Consejo Metropolitano de la Cr\u00f3nica y consolidarlo como un \u00f3rgano consultor de la sociedad, adem\u00e1s de fortalecerlo institucionalmente y ofrecer asesor\u00edas.<br>Asimismo, buscan que se convierta en un espacio de investigaci\u00f3n de an\u00e1lisis y de opini\u00f3n fundada para los municipios.<\/p>\n\n\n\n<figure class=\"wp-block-image size-large\"><img loading=\"lazy\" decoding=\"async\" width=\"1024\" height=\"768\" src=\"https:\/\/diariodigitalmx.com\/wp-content\/uploads\/2026\/04\/333580-1024x768.jpg\" alt=\"\" class=\"wp-image-147113\" srcset=\"https:\/\/diariodigitalmx.com\/wp-content\/uploads\/2026\/04\/333580-1024x768.jpg 1024w, https:\/\/diariodigitalmx.com\/wp-content\/uploads\/2026\/04\/333580-300x225.jpg 300w, https:\/\/diariodigitalmx.com\/wp-content\/uploads\/2026\/04\/333580-768x576.jpg 768w, https:\/\/diariodigitalmx.com\/wp-content\/uploads\/2026\/04\/333580-1536x1152.jpg 1536w, https:\/\/diariodigitalmx.com\/wp-content\/uploads\/2026\/04\/333580-2048x1536.jpg 2048w\" sizes=\"(max-width: 1024px) 100vw, 1024px\" \/><\/figure>\n\n\n\n<p>Tambi\u00e9n tiene como objetivo crear agenda c\u00edvica, realizar sesiones itinerantes en cada municipio y en lugares emblem\u00e1ticos de connotaci\u00f3n, crear un compendio de cr\u00f3nica metropolitana, impulsar el rescate de cr\u00f3nicas orales de personajes claves y costumbres populares, as\u00ed comocrear la c\u00e1tedra de la Cr\u00f3nica.<br>Destaca el objetivo de elaborar un \u00f3rgano de difusi\u00f3n oficial y la entrega de la Medalla Leopoldo Espinosa Benavides, al hacerla efectiva ya que fue aprobada en la gesti\u00f3n de Jose Antonio Quiroga que ha concluido.<\/p>\n\n\n\n<figure class=\"wp-block-image size-large\"><img loading=\"lazy\" decoding=\"async\" width=\"1024\" height=\"768\" src=\"https:\/\/diariodigitalmx.com\/wp-content\/uploads\/2026\/04\/333491-1024x768.jpg\" alt=\"\" class=\"wp-image-147115\" srcset=\"https:\/\/diariodigitalmx.com\/wp-content\/uploads\/2026\/04\/333491-1024x768.jpg 1024w, https:\/\/diariodigitalmx.com\/wp-content\/uploads\/2026\/04\/333491-300x225.jpg 300w, https:\/\/diariodigitalmx.com\/wp-content\/uploads\/2026\/04\/333491-768x576.jpg 768w, https:\/\/diariodigitalmx.com\/wp-content\/uploads\/2026\/04\/333491-1536x1152.jpg 1536w, https:\/\/diariodigitalmx.com\/wp-content\/uploads\/2026\/04\/333491-2048x1536.jpg 2048w\" sizes=\"(max-width: 1024px) 100vw, 1024px\" \/><\/figure>\n\n\n\n<p>Por su parte, el Cronista de la Ciudad de Monterrey, y fundador del Consejo, Leopoldo Espinosa Benavides, dio una amplia explicaci\u00f3n de lo que es ser cronista, de lo que significa conocer costumbres y hechos de nuestros antepasados.<\/p>\n","protected":false},"excerpt":{"rendered":"<p>El Diputado H\u00e9ctor Morales Rivera, tom\u00f3 protesta como Coordinador General del Consejo Metropolitano de la Cr\u00f3nica A. C.En una sesi\u00f3n realizada en el sal\u00f3n Bicentenario del Congreso de Nuevo Le\u00f3n, Morales entreg\u00f3 nombramientos a los integrantes de la mesa directiva para el periodo 2026-2027 los que tambi\u00e9n rindieron protesta.Morales Rivera dio a conocer los retos [&hellip;]<\/p>\n","protected":false},"author":1,"featured_media":147108,"comment_status":"open","ping_status":"open","sticky":true,"template":"","format":"standard","meta":{"footnotes":""},"categories":[11,14],"tags":[],"_links":{"self":[{"href":"https:\/\/diariodigitalmx.com\/index.php\/wp-json\/wp\/v2\/posts\/147106"}],"collection":[{"href":"https:\/\/diariodigitalmx.com\/index.php\/wp-json\/wp\/v2\/posts"}],"about":[{"href":"https:\/\/diariodigitalmx.com\/index.php\/wp-json\/wp\/v2\/types\/post"}],"author":[{"embeddable":true,"href":"https:\/\/diariodigitalmx.com\/index.php\/wp-json\/wp\/v2\/users\/1"}],"replies":[{"embeddable":true,"href":"https:\/\/diariodigitalmx.com\/index.php\/wp-json\/wp\/v2\/comments?post=147106"}],"version-history":[{"count":4,"href":"https:\/\/diariodigitalmx.com\/index.php\/wp-json\/wp\/v2\/posts\/147106\/revisions"}],"predecessor-version":[{"id":147116,"href":"https:\/\/diariodigitalmx.com\/index.php\/wp-json\/wp\/v2\/posts\/147106\/revisions\/147116"}],"wp:featuredmedia":[{"embeddable":true,"href":"https:\/\/diariodigitalmx.com\/index.php\/wp-json\/wp\/v2\/media\/147108"}],"wp:attachment":[{"href":"https:\/\/diariodigitalmx.com\/index.php\/wp-json\/wp\/v2\/media?parent=147106"}],"wp:term":[{"taxonomy":"category","embeddable":true,"href":"https:\/\/diariodigitalmx.com\/index.php\/wp-json\/wp\/v2\/categories?post=147106"},{"taxonomy":"post_tag","embeddable":true,"href":"https:\/\/diariodigitalmx.com\/index.php\/wp-json\/wp\/v2\/tags?post=147106"}],"curies":[{"name":"wp","href":"https:\/\/api.w.org\/{rel}","templated":true}]}}