{"id":147117,"date":"2026-04-26T00:21:45","date_gmt":"2026-04-26T06:21:45","guid":{"rendered":"https:\/\/diariodigitalmx.com\/?p=147117"},"modified":"2026-04-26T00:22:23","modified_gmt":"2026-04-26T06:22:23","slug":"el-primer-filtro-de-revision-esta-en-cada-familia","status":"publish","type":"post","link":"https:\/\/diariodigitalmx.com\/index.php\/2026\/04\/26\/el-primer-filtro-de-revision-esta-en-cada-familia\/","title":{"rendered":"El primer filtro de revisi\u00f3n est\u00e1 en cada familia"},"content":{"rendered":"\n<p>Luz Mar\u00eda Ortiz Quintos <\/p>\n\n\n\n<p>En el transcurso de la semana pasada, las autoridades realizaron una labor extraordinaria de presencia y supervisi\u00f3n en planteles escolares del \u00e1rea metropolitana. Esto, debido a mensajes y pintas con amenazas como la siguiente: \u201cTiroteo escolar\u2026 los matar\u00e9 por todo lo que me han hecho\u2026 los matar\u00e9 el lunes\u201d.<\/p>\n\n\n\n<p>En una entrevista de radio el pasado viernes, solicitamos a la Polic\u00eda Cibern\u00e9tica reforzar la revisi\u00f3n de medios digitales, con el fin de identificar los grupos y redes sociales donde se promueve o difunde este tipo de conductas entre los j\u00f3venes.<\/p>\n\n\n\n<p>Desde 2017 hemos propuesto, en reiteradas ocasiones, la implementaci\u00f3n permanente del programa Mochila Segura, con la finalidad de revisar, tanto en planteles p\u00fablicos como privados, las mochilas de estudiantes de educaci\u00f3n b\u00e1sica y media superior, ya que es precisamente en esos niveles donde se est\u00e1n originando muchas de estas amenazas.<\/p>\n\n\n\n<p>Por otro lado, es importante recordar que no solo existen amenazas verbales o escritas; lamentablemente, en diversas ocasiones se han encontrado armas blancas y armas de fuego en mochilas de estudiantes. Incluso, ya se han presentado casos de lesiones entre compa\u00f1eros.<\/p>\n\n\n\n<p>Hoy la autoridad est\u00e1 actuando con prontitud ante denuncias y amenazas an\u00f3nimas; sin embargo, la gravedad del problema exige acciones m\u00e1s firmes. Una amenaza constituye un delito y debe perseguirse de oficio.<\/p>\n\n\n\n<p>Se requieren medidas disciplinarias claras, en las que tanto estudiantes como padres de familia asuman responsabilidad por estas conductas y enfrenten las sanciones correspondientes.<\/p>\n\n\n\n<p>El primer filtro de revisi\u00f3n est\u00e1 en cada familia. En cada hogar se debe garantizar que las armas permanezcan fuera del alcance de los menores de edad, as\u00ed como revisar la mochila de los hijos antes de dejarlos en la escuela.<\/p>\n\n\n\n<p>La acci\u00f3n prioritaria en este tema es la prevenci\u00f3n desde casa. La escuela cumple una funci\u00f3n formativa, pero la responsabilidad, los valores, los l\u00edmites y el buen comportamiento se fortalecen principalmente en el hogar.<\/p>\n\n\n\n<p>Cuando los padres de familia omiten esa formaci\u00f3n esencial, las consecuencias terminan reflej\u00e1ndose en el entorno escolar.<\/p>\n\n\n\n<p>Asimismo, las escuelas se ver\u00e1n obligadas a actualizar sus reglamentos internos para establecer sanciones claras a aquellos alumnos que introduzcan armas blancas, armas de fuego o medicamentos controlados a los planteles escolares.<\/p>\n","protected":false},"excerpt":{"rendered":"<p>Luz Mar\u00eda Ortiz Quintos En el transcurso de la semana pasada, las autoridades realizaron una labor extraordinaria de presencia y supervisi\u00f3n en planteles escolares del \u00e1rea metropolitana. Esto, debido a mensajes y pintas con amenazas como la siguiente: \u201cTiroteo escolar\u2026 los matar\u00e9 por todo lo que me han hecho\u2026 los matar\u00e9 el lunes\u201d. En una [&hellip;]<\/p>\n","protected":false},"author":1,"featured_media":147119,"comment_status":"open","ping_status":"open","sticky":true,"template":"","format":"standard","meta":{"footnotes":""},"categories":[12],"tags":[],"_links":{"self":[{"href":"https:\/\/diariodigitalmx.com\/index.php\/wp-json\/wp\/v2\/posts\/147117"}],"collection":[{"href":"https:\/\/diariodigitalmx.com\/index.php\/wp-json\/wp\/v2\/posts"}],"about":[{"href":"https:\/\/diariodigitalmx.com\/index.php\/wp-json\/wp\/v2\/types\/post"}],"author":[{"embeddable":true,"href":"https:\/\/diariodigitalmx.com\/index.php\/wp-json\/wp\/v2\/users\/1"}],"replies":[{"embeddable":true,"href":"https:\/\/diariodigitalmx.com\/index.php\/wp-json\/wp\/v2\/comments?post=147117"}],"version-history":[{"count":1,"href":"https:\/\/diariodigitalmx.com\/index.php\/wp-json\/wp\/v2\/posts\/147117\/revisions"}],"predecessor-version":[{"id":147118,"href":"https:\/\/diariodigitalmx.com\/index.php\/wp-json\/wp\/v2\/posts\/147117\/revisions\/147118"}],"wp:featuredmedia":[{"embeddable":true,"href":"https:\/\/diariodigitalmx.com\/index.php\/wp-json\/wp\/v2\/media\/147119"}],"wp:attachment":[{"href":"https:\/\/diariodigitalmx.com\/index.php\/wp-json\/wp\/v2\/media?parent=147117"}],"wp:term":[{"taxonomy":"category","embeddable":true,"href":"https:\/\/diariodigitalmx.com\/index.php\/wp-json\/wp\/v2\/categories?post=147117"},{"taxonomy":"post_tag","embeddable":true,"href":"https:\/\/diariodigitalmx.com\/index.php\/wp-json\/wp\/v2\/tags?post=147117"}],"curies":[{"name":"wp","href":"https:\/\/api.w.org\/{rel}","templated":true}]}}