{"id":147121,"date":"2026-04-26T21:59:51","date_gmt":"2026-04-27T03:59:51","guid":{"rendered":"https:\/\/diariodigitalmx.com\/?p=147121"},"modified":"2026-04-26T22:01:17","modified_gmt":"2026-04-27T04:01:17","slug":"dan-suspension-provisional-a-empresario-contra-detencion-y-afectados-por-presunto-fraude-inmobiliario-protestan","status":"publish","type":"post","link":"https:\/\/diariodigitalmx.com\/index.php\/2026\/04\/26\/dan-suspension-provisional-a-empresario-contra-detencion-y-afectados-por-presunto-fraude-inmobiliario-protestan\/","title":{"rendered":"Dan suspensi\u00f3n provisional a empresario contra detenci\u00f3n y afectados por presunto fraude inmobiliario protestan"},"content":{"rendered":"\n<figure class=\"wp-block-video\"><video controls src=\"http:\/\/diariodigitalmx.com\/wp-content\/uploads\/2026\/04\/VID-20260426-WA0017.mp4\"><\/video><\/figure>\n\n\n\n<p>Monterrey &#8211; Mientras que Jos\u00e9 Lobat\u00f3n, propietario de la desarrolladora Proyectos 9, que presuntamente defraud\u00f3 a personas a las que les vendi\u00f3 departamentos no construidos, recibi\u00f3 un amparo para no se detenido, un grupo de afectados retorn\u00f3 a las protestas para exigir justicia.<br>Los afectados protestaron en el municipio de San Pedro Garza Garc\u00eda y anunciaron que ir\u00e1n con la presidenta Claudia Sheinbaum para que les apoye en su b\u00fasqueda de justicia y se destrabe el asunto por parte de las autoridades judiciales estatales.<br>En tanto, el Juzgado Primero de Distrito en Materia Penal en<br>concedi\u00f3 una suspensi\u00f3n provisional al empresario Lobat\u00f3n.<br>El amparo es contra la orden de aprehensi\u00f3n y, la suspensi\u00f3n fue otorgada por el Juez Mario Melo y publicada el jueves pasado en la p\u00e1gina del Consejo de la Judicatura Federal.<br>La promoci\u00f3n del amparo es en contra de la orden de arresto y\/o presentaci\u00f3n librada en su contra y en contra de la orden de comparecencia y\/o cualquier otra restrictiva de la libertad deambulatoria.<br>Este domingo, durante el evento llamado San Pedro de Pinta que la administraci\u00f3n local realiza peri\u00f3dicamente, un grupo de afectados protestaron, exigieron justicia y que se aplique la ley conforme a derecho y empat\u00eda.<br>De acuerdo a Liliana Leal, representante del grupo de afectados que protest\u00f3, la primera audiencia de imputaci\u00f3n para Lobat\u00f3n, est\u00e1 fijada para el pr\u00f3ximo 6 de mayo.<br>Leal rechaz\u00f3 versiones de Lobat\u00f3n de que han tenido contacto con \u00e9l y acusa que son mentiras: Lo que dice Jos\u00e9 Aurelio Lobat\u00f3n no es verdad, es mentira, a nadie nos ha contactado, nos tiene bloqueados de WhatsApp nos tiene bloqueados de sus p\u00e1ginas en sus redes sociales, no es verdad que ha estado tratando de hablar con todos nosotros&#8221;, sostuvo.<br>Dijo que los afectados esperan empat\u00eda de las autoridades y que resuelvan conforme a derecho, y asegura que tienen confianza en que as\u00ed sea.<br>Ahora los afectados enviaran una carta a la presidenta Sheinbaum donde le solicitar\u00e1n una audiencia para que les ayude a destrabar el caso.<br>A la fecha son 79 denuncias las que van por presunta fraude por unos 400 millones de pesos, pero suman m\u00e1s de mil afectados que adquirieron departamento en una de las seis torres que nunca iniciaron la obra en diversos sectores metropolitanos.<\/p>\n","protected":false},"excerpt":{"rendered":"<p>Monterrey &#8211; Mientras que Jos\u00e9 Lobat\u00f3n, propietario de la desarrolladora Proyectos 9, que presuntamente defraud\u00f3 a personas a las que les vendi\u00f3 departamentos no construidos, recibi\u00f3 un amparo para no se detenido, un grupo de afectados retorn\u00f3 a las protestas para exigir justicia.Los afectados protestaron en el municipio de San Pedro Garza Garc\u00eda y anunciaron [&hellip;]<\/p>\n","protected":false},"author":1,"featured_media":147123,"comment_status":"open","ping_status":"open","sticky":true,"template":"","format":"standard","meta":{"footnotes":""},"categories":[6,3,5],"tags":[],"_links":{"self":[{"href":"https:\/\/diariodigitalmx.com\/index.php\/wp-json\/wp\/v2\/posts\/147121"}],"collection":[{"href":"https:\/\/diariodigitalmx.com\/index.php\/wp-json\/wp\/v2\/posts"}],"about":[{"href":"https:\/\/diariodigitalmx.com\/index.php\/wp-json\/wp\/v2\/types\/post"}],"author":[{"embeddable":true,"href":"https:\/\/diariodigitalmx.com\/index.php\/wp-json\/wp\/v2\/users\/1"}],"replies":[{"embeddable":true,"href":"https:\/\/diariodigitalmx.com\/index.php\/wp-json\/wp\/v2\/comments?post=147121"}],"version-history":[{"count":2,"href":"https:\/\/diariodigitalmx.com\/index.php\/wp-json\/wp\/v2\/posts\/147121\/revisions"}],"predecessor-version":[{"id":147126,"href":"https:\/\/diariodigitalmx.com\/index.php\/wp-json\/wp\/v2\/posts\/147121\/revisions\/147126"}],"wp:featuredmedia":[{"embeddable":true,"href":"https:\/\/diariodigitalmx.com\/index.php\/wp-json\/wp\/v2\/media\/147123"}],"wp:attachment":[{"href":"https:\/\/diariodigitalmx.com\/index.php\/wp-json\/wp\/v2\/media?parent=147121"}],"wp:term":[{"taxonomy":"category","embeddable":true,"href":"https:\/\/diariodigitalmx.com\/index.php\/wp-json\/wp\/v2\/categories?post=147121"},{"taxonomy":"post_tag","embeddable":true,"href":"https:\/\/diariodigitalmx.com\/index.php\/wp-json\/wp\/v2\/tags?post=147121"}],"curies":[{"name":"wp","href":"https:\/\/api.w.org\/{rel}","templated":true}]}}