{"id":147139,"date":"2026-04-26T22:32:35","date_gmt":"2026-04-27T04:32:35","guid":{"rendered":"https:\/\/diariodigitalmx.com\/?p=147139"},"modified":"2026-04-26T22:35:28","modified_gmt":"2026-04-27T04:35:28","slug":"celebra-adrian-de-la-garza-el-53-aniversario-de-tierra-y-libertad-sector-sur","status":"publish","type":"post","link":"https:\/\/diariodigitalmx.com\/index.php\/2026\/04\/26\/celebra-adrian-de-la-garza-el-53-aniversario-de-tierra-y-libertad-sector-sur\/","title":{"rendered":"Celebra Adri\u00e1n de la Garza el 53 aniversario de Tierra y Libertad Sector Sur"},"content":{"rendered":"\n<figure class=\"wp-block-image size-large\"><img loading=\"lazy\" decoding=\"async\" width=\"1024\" height=\"683\" src=\"https:\/\/diariodigitalmx.com\/wp-content\/uploads\/2026\/04\/336463-1024x683.jpg\" alt=\"\" class=\"wp-image-147143\" srcset=\"https:\/\/diariodigitalmx.com\/wp-content\/uploads\/2026\/04\/336463-1024x683.jpg 1024w, https:\/\/diariodigitalmx.com\/wp-content\/uploads\/2026\/04\/336463-300x200.jpg 300w, https:\/\/diariodigitalmx.com\/wp-content\/uploads\/2026\/04\/336463-768x512.jpg 768w, https:\/\/diariodigitalmx.com\/wp-content\/uploads\/2026\/04\/336463.jpg 1280w\" sizes=\"(max-width: 1024px) 100vw, 1024px\" \/><\/figure>\n\n\n\n<p>En un ambiente de convivencia vecinal, el alcalde de Monterrey, Adri\u00e1n de la Garza encabez\u00f3 la celebraci\u00f3n por el 53 aniversario de la colonia Tierra y Libertad, Sector Sur, en compa\u00f1\u00eda de su esposa, Gaby Oyervides, acercando servicios y atenci\u00f3n directa a los vecinos.<\/p>\n\n\n\n<figure class=\"wp-block-image size-large\"><img loading=\"lazy\" decoding=\"async\" width=\"1024\" height=\"627\" src=\"https:\/\/diariodigitalmx.com\/wp-content\/uploads\/2026\/04\/336465-1024x627.jpg\" alt=\"\" class=\"wp-image-147145\" srcset=\"https:\/\/diariodigitalmx.com\/wp-content\/uploads\/2026\/04\/336465-1024x627.jpg 1024w, https:\/\/diariodigitalmx.com\/wp-content\/uploads\/2026\/04\/336465-300x184.jpg 300w, https:\/\/diariodigitalmx.com\/wp-content\/uploads\/2026\/04\/336465-768x470.jpg 768w, https:\/\/diariodigitalmx.com\/wp-content\/uploads\/2026\/04\/336465.jpg 1280w\" sizes=\"(max-width: 1024px) 100vw, 1024px\" \/><\/figure>\n\n\n\n<p>Durante la jornada se ofrecieron atenciones de M\u00e9dico de Barrio, entrega de tarjetas Regio Ruta y m\u00f3dulos de asistencia social, adem\u00e1s de actividades recreativas como loter\u00eda con premios, batucada y la presentaci\u00f3n de la Gran Orquesta de la Ciudad de Monterrey, fortaleciendo el tejido social y la red comunitaria.<\/p>\n\n\n\n<figure class=\"wp-block-image size-large\"><img loading=\"lazy\" decoding=\"async\" width=\"1024\" height=\"683\" src=\"https:\/\/diariodigitalmx.com\/wp-content\/uploads\/2026\/04\/334038-1024x683.jpg\" alt=\"\" class=\"wp-image-147146\" srcset=\"https:\/\/diariodigitalmx.com\/wp-content\/uploads\/2026\/04\/334038-1024x683.jpg 1024w, https:\/\/diariodigitalmx.com\/wp-content\/uploads\/2026\/04\/334038-300x200.jpg 300w, https:\/\/diariodigitalmx.com\/wp-content\/uploads\/2026\/04\/334038-768x512.jpg 768w, https:\/\/diariodigitalmx.com\/wp-content\/uploads\/2026\/04\/334038.jpg 1040w\" sizes=\"(max-width: 1024px) 100vw, 1024px\" \/><\/figure>\n\n\n\n<p>Acompa\u00f1aron al edil el secretario de Participaci\u00f3n Ciudadana, Rafael Ramos; la directora del DIF municipal, Ivonne \u00c1lvarez; y la directora de Vinculaci\u00f3n Interinstitucional, Marla Trevi\u00f1o, entre otros funcionarios.<\/p>\n\n\n\n<p>El Gobierno de Monterrey reiter\u00f3 su compromiso de continuar acercando programas y servicios a las colonias, con el objetivo de mejorar la calidad de vida de los regiomontanos.<\/p>\n","protected":false},"excerpt":{"rendered":"<p>En un ambiente de convivencia vecinal, el alcalde de Monterrey, Adri\u00e1n de la Garza encabez\u00f3 la celebraci\u00f3n por el 53 aniversario de la colonia Tierra y Libertad, Sector Sur, en compa\u00f1\u00eda de su esposa, Gaby Oyervides, acercando servicios y atenci\u00f3n directa a los vecinos. Durante la jornada se ofrecieron atenciones de M\u00e9dico de Barrio, entrega [&hellip;]<\/p>\n","protected":false},"author":1,"featured_media":147142,"comment_status":"open","ping_status":"open","sticky":true,"template":"","format":"standard","meta":{"footnotes":""},"categories":[14,6],"tags":[],"_links":{"self":[{"href":"https:\/\/diariodigitalmx.com\/index.php\/wp-json\/wp\/v2\/posts\/147139"}],"collection":[{"href":"https:\/\/diariodigitalmx.com\/index.php\/wp-json\/wp\/v2\/posts"}],"about":[{"href":"https:\/\/diariodigitalmx.com\/index.php\/wp-json\/wp\/v2\/types\/post"}],"author":[{"embeddable":true,"href":"https:\/\/diariodigitalmx.com\/index.php\/wp-json\/wp\/v2\/users\/1"}],"replies":[{"embeddable":true,"href":"https:\/\/diariodigitalmx.com\/index.php\/wp-json\/wp\/v2\/comments?post=147139"}],"version-history":[{"count":2,"href":"https:\/\/diariodigitalmx.com\/index.php\/wp-json\/wp\/v2\/posts\/147139\/revisions"}],"predecessor-version":[{"id":147147,"href":"https:\/\/diariodigitalmx.com\/index.php\/wp-json\/wp\/v2\/posts\/147139\/revisions\/147147"}],"wp:featuredmedia":[{"embeddable":true,"href":"https:\/\/diariodigitalmx.com\/index.php\/wp-json\/wp\/v2\/media\/147142"}],"wp:attachment":[{"href":"https:\/\/diariodigitalmx.com\/index.php\/wp-json\/wp\/v2\/media?parent=147139"}],"wp:term":[{"taxonomy":"category","embeddable":true,"href":"https:\/\/diariodigitalmx.com\/index.php\/wp-json\/wp\/v2\/categories?post=147139"},{"taxonomy":"post_tag","embeddable":true,"href":"https:\/\/diariodigitalmx.com\/index.php\/wp-json\/wp\/v2\/tags?post=147139"}],"curies":[{"name":"wp","href":"https:\/\/api.w.org\/{rel}","templated":true}]}}