{"id":147149,"date":"2026-04-27T05:44:24","date_gmt":"2026-04-27T11:44:24","guid":{"rendered":"https:\/\/diariodigitalmx.com\/?p=147149"},"modified":"2026-04-27T05:44:56","modified_gmt":"2026-04-27T11:44:56","slug":"senor-defiendeme","status":"publish","type":"post","link":"https:\/\/diariodigitalmx.com\/index.php\/2026\/04\/27\/senor-defiendeme\/","title":{"rendered":"Se\u00f1or, defi\u00e9ndeme"},"content":{"rendered":"\n<p>David viene angustiado y herido por fuertes acusaciones que hacen contra \u00e9l, y est\u00e1 debilitado ya que ha estado ayunando por esta causa.<\/p>\n\n\n\n<p>\u00bfSe ha sentido angustiado y herido porque alguien lo acus\u00f3 y exhibi\u00f3? Las redes sociales son expertas en difundir r\u00e1pidamente culturizar corsa que pueda avergonzar a otros y dejan una huella imposible de borrar.<\/p>\n\n\n\n<p>La persecuci\u00f3n no solo de lengua sino tambi\u00e9n de hecho tiene a David clamando a Dios por ayuda, pero no se ha quedado de brazos cruzados, \u00e9l tambi\u00e9n est\u00e1 afligiendo su carne para no pecar.<\/p>\n\n\n\n<p>Porque por m\u00e1s inocentes que creamos que somos, todos debemos reconocer que fallamos y que el 90% de los problemas en los que estamos metidos, es porque nosotros mismos nos involucramos.<\/p>\n\n\n\n<p>Muchos otros podemos sentir que somos acusados injusta y ferozmente y correr a desquitarnos contra nuestros agresores, hablar mal de ellos con nuestros familiares, amigos y hasta medios de comunicaci\u00f3n, pero lo que debemos hacer es lo que David: ir con Dios y presentarle nuestro caso.<\/p>\n\n\n\n<p>Maldigan ellos, pero bendice t\u00fa, le dice el hombre con alma de pastor a Dios, y Dios nos pide a nosotros que hagamos lo mismo.<\/p>\n\n\n\n<p>Cuando otros maldigan, bendice, y deja que Dios se haga cargo de ellos cuando avergonzados caigan arrepentidos no para condenaci\u00f3n, sino para salvaci\u00f3n.<\/p>\n\n\n\n<p>Que cuando otros maldigan, encuentren en ti la luz de Cristo, que salgan de ti palabras de vida eterna.<\/p>\n\n\n\n<p>Que ellos maldigan, pero t\u00fa bendigas\u2026. Salmos 109:28<\/p>\n\n\n\n<p>\u00bfCree esto? Hable con Dios, lea la Biblia y desc\u00fabralo. Solo la Verdad nos har\u00e1 verdaderamente libres.<\/p>\n\n\n\n<p>Facebook e Instagram: @InstruccionesPersonales<\/p>\n","protected":false},"excerpt":{"rendered":"<p>David viene angustiado y herido por fuertes acusaciones que hacen contra \u00e9l, y est\u00e1 debilitado ya que ha estado ayunando por esta causa. \u00bfSe ha sentido angustiado y herido porque alguien lo acus\u00f3 y exhibi\u00f3? Las redes sociales son expertas en difundir r\u00e1pidamente culturizar corsa que pueda avergonzar a otros y dejan una huella imposible [&hellip;]<\/p>\n","protected":false},"author":1,"featured_media":147151,"comment_status":"open","ping_status":"open","sticky":true,"template":"","format":"standard","meta":{"footnotes":""},"categories":[12],"tags":[],"_links":{"self":[{"href":"https:\/\/diariodigitalmx.com\/index.php\/wp-json\/wp\/v2\/posts\/147149"}],"collection":[{"href":"https:\/\/diariodigitalmx.com\/index.php\/wp-json\/wp\/v2\/posts"}],"about":[{"href":"https:\/\/diariodigitalmx.com\/index.php\/wp-json\/wp\/v2\/types\/post"}],"author":[{"embeddable":true,"href":"https:\/\/diariodigitalmx.com\/index.php\/wp-json\/wp\/v2\/users\/1"}],"replies":[{"embeddable":true,"href":"https:\/\/diariodigitalmx.com\/index.php\/wp-json\/wp\/v2\/comments?post=147149"}],"version-history":[{"count":1,"href":"https:\/\/diariodigitalmx.com\/index.php\/wp-json\/wp\/v2\/posts\/147149\/revisions"}],"predecessor-version":[{"id":147150,"href":"https:\/\/diariodigitalmx.com\/index.php\/wp-json\/wp\/v2\/posts\/147149\/revisions\/147150"}],"wp:featuredmedia":[{"embeddable":true,"href":"https:\/\/diariodigitalmx.com\/index.php\/wp-json\/wp\/v2\/media\/147151"}],"wp:attachment":[{"href":"https:\/\/diariodigitalmx.com\/index.php\/wp-json\/wp\/v2\/media?parent=147149"}],"wp:term":[{"taxonomy":"category","embeddable":true,"href":"https:\/\/diariodigitalmx.com\/index.php\/wp-json\/wp\/v2\/categories?post=147149"},{"taxonomy":"post_tag","embeddable":true,"href":"https:\/\/diariodigitalmx.com\/index.php\/wp-json\/wp\/v2\/tags?post=147149"}],"curies":[{"name":"wp","href":"https:\/\/api.w.org\/{rel}","templated":true}]}}