{"id":147157,"date":"2026-04-27T10:20:53","date_gmt":"2026-04-27T16:20:53","guid":{"rendered":"https:\/\/diariodigitalmx.com\/?p=147157"},"modified":"2026-04-27T10:23:01","modified_gmt":"2026-04-27T16:23:01","slug":"esthela-damian-peralta-y-sus-versiones","status":"publish","type":"post","link":"https:\/\/diariodigitalmx.com\/index.php\/2026\/04\/27\/esthela-damian-peralta-y-sus-versiones\/","title":{"rendered":"Esthela Dami\u00e1n Peralta y sus versiones"},"content":{"rendered":"\n<p>De frente y de perfil <\/p>\n\n\n\n<p>Ram\u00f3n Zurita Sahag\u00fan <br>Hac\u00eda mucho tiempo que un relevo pol\u00edtico no conmocionaba tanto al ambiente pol\u00edtico.<\/p>\n\n\n\n<p>Sucedi\u00f3 con el relevo de la Consejer\u00eda Jur\u00eddica de la Presidencia de la Rep\u00fablica y no por tratarse de una destacada figura de la pol\u00edtica, sino por la forma en que ocurri\u00f3.<\/p>\n\n\n\n<p>Esthela Dami\u00e1n Peralta no es una avezada pol\u00edtica, pero s\u00ed una persona sumamente cercana a la Presidenta de la Rep\u00fablica, Claudia Sheinbaum Pardo. Con ella colabor\u00f3 como directora del DIF en la Ciudad de M\u00e9xico, gobierno en el que continu\u00f3 colaborando hasta diciembre de 2025 en que fue designada Consejera Jur\u00eddica de la Presidencia de la Rep\u00fablica.<\/p>\n\n\n\n<p>No es una pol\u00edtica improvisada, ya que hasta tres veces ha sido diputada, dos veces por la CDMX y una m\u00e1s federal, siempre como representante de la capital del pa\u00eds.<\/p>\n\n\n\n<p>Se sab\u00eda que es nativa del estado de Guerrero y que asomaba una aspiraci\u00f3n para gobernar dicha entidad, aunque se le relacionaba muy alejada de la entidad, donde F\u00e9lix Salgado Macedonio y Beatriz Mojica, la adelantan en todas las encuestas y por mucho.<\/p>\n\n\n\n<p>Por eso sorprendi\u00f3 que la Presidenta Sheinbaum Pardo, recordando al viejo sistema priista la destap\u00f3 como aspirante al gobierno de Guerrero.<\/p>\n\n\n\n<p>Fue en plena ma\u00f1anera donde la ejecutiva federal anunci\u00f3 su separaci\u00f3n para incorporarse a la disputa de la candidatura al gobierno de Guerrero, luego de que la propia Presidenta record\u00f3 que todos aquellos que aspiren a una candidatura deber\u00e1n presentar su renuncia al cargo que actualmente ostenten.<\/p>\n\n\n\n<p>Y es aqu\u00ed donde surgen dos versiones sobre la renuncia de Dami\u00e1n Peralta.<\/p>\n\n\n\n<p>Una es que la Presidenta dio el banderazo de salida y marc\u00f3 su preferencia para dicha candidatura, recordando aquella frase sentencia de Carlos Salinas de Gortari de \u201cno se hagan bolas\u201d. En relaci\u00f3n a que el candidato presidencial era Luis Donaldo Colosio.<\/p>\n\n\n\n<p>La otra versi\u00f3n es distinta y la propagan varios distinguidos morenistas y es que la Presidenta estaba sumamente molesta con aquellos que ten\u00edan la responsabilidad de sacar adelante la reforma electoral y hab\u00edan fallado en dos ocasiones, entre ellas la Consejer\u00eda Jur\u00eddica.<\/p>\n\n\n\n<p>Finalmente las dos versiones son v\u00e1lidas y Esthela Dami\u00e1n tendr\u00e1 que acelerar el paso si es que quiere competir como candidata al gobierno de Guerrero.<\/p>\n\n\n\n<p>La ventaja de Dami\u00e1n Peralta es que Guerrero cuenta con un voto cautivo que le da a MORENA una preferencia de dos y hasta tres a uno, sin importar el nombre del candidato o candidata y que solamente tendr\u00e1 que hacer un recorrido r\u00e1pido por el estado, del que se encuentra distante para empatar con los dos personajes que la aventajan en las encuestas.<\/p>\n\n\n\n<p>Esthela Dami\u00e1n ya est\u00e1 tocada por el dedo divino y sus adversarios tendr\u00e1n que apechugar el resultado de la encuesta.<\/p>\n\n\n\n<pre class=\"wp-block-code\"><code>                                                                           \u2026\u2026\u2026\u2026\u2026\u2026\u2026\u2026\u2026.<\/code><\/pre>\n\n\n\n<p>MORENA realizar\u00e1 su Consejo Nacional el pr\u00f3ximo tres de mayo, de d\u00f3nde saldr\u00e1 Ariadna Montiel como dirigente nacional del partido, en sustituci\u00f3n de Luisa Mar\u00eda Alcalde que va a la Consejer\u00eda Jur\u00eddica de la Presidencia de la Rep\u00fablica\u2026El magistrado presidente del Tribunal Electoral, Gilberto B\u00e1tiz Garc\u00eda, anunci\u00f3 que la Defensor\u00eda Jur\u00eddica Electoral se est\u00e1 fortaleciendo con vistas al proceso electoral del a\u00f1o pr\u00f3ximo, para ampliar su cobertura a pueblos y comunidades ind\u00edgenas.<\/p>\n\n\n\n<p>Email: ramonzurita44@hotmail.com<\/p>\n\n\n\n<p>Email: ramonzurita44@gmail.com<\/p>\n","protected":false},"excerpt":{"rendered":"<p>De frente y de perfil Ram\u00f3n Zurita Sahag\u00fan Hac\u00eda mucho tiempo que un relevo pol\u00edtico no conmocionaba tanto al ambiente pol\u00edtico. Sucedi\u00f3 con el relevo de la Consejer\u00eda Jur\u00eddica de la Presidencia de la Rep\u00fablica y no por tratarse de una destacada figura de la pol\u00edtica, sino por la forma en que ocurri\u00f3. Esthela Dami\u00e1n [&hellip;]<\/p>\n","protected":false},"author":1,"featured_media":147160,"comment_status":"open","ping_status":"open","sticky":true,"template":"","format":"standard","meta":{"footnotes":""},"categories":[12],"tags":[],"_links":{"self":[{"href":"https:\/\/diariodigitalmx.com\/index.php\/wp-json\/wp\/v2\/posts\/147157"}],"collection":[{"href":"https:\/\/diariodigitalmx.com\/index.php\/wp-json\/wp\/v2\/posts"}],"about":[{"href":"https:\/\/diariodigitalmx.com\/index.php\/wp-json\/wp\/v2\/types\/post"}],"author":[{"embeddable":true,"href":"https:\/\/diariodigitalmx.com\/index.php\/wp-json\/wp\/v2\/users\/1"}],"replies":[{"embeddable":true,"href":"https:\/\/diariodigitalmx.com\/index.php\/wp-json\/wp\/v2\/comments?post=147157"}],"version-history":[{"count":1,"href":"https:\/\/diariodigitalmx.com\/index.php\/wp-json\/wp\/v2\/posts\/147157\/revisions"}],"predecessor-version":[{"id":147158,"href":"https:\/\/diariodigitalmx.com\/index.php\/wp-json\/wp\/v2\/posts\/147157\/revisions\/147158"}],"wp:featuredmedia":[{"embeddable":true,"href":"https:\/\/diariodigitalmx.com\/index.php\/wp-json\/wp\/v2\/media\/147160"}],"wp:attachment":[{"href":"https:\/\/diariodigitalmx.com\/index.php\/wp-json\/wp\/v2\/media?parent=147157"}],"wp:term":[{"taxonomy":"category","embeddable":true,"href":"https:\/\/diariodigitalmx.com\/index.php\/wp-json\/wp\/v2\/categories?post=147157"},{"taxonomy":"post_tag","embeddable":true,"href":"https:\/\/diariodigitalmx.com\/index.php\/wp-json\/wp\/v2\/tags?post=147157"}],"curies":[{"name":"wp","href":"https:\/\/api.w.org\/{rel}","templated":true}]}}