{"id":147161,"date":"2026-04-27T10:47:44","date_gmt":"2026-04-27T16:47:44","guid":{"rendered":"https:\/\/diariodigitalmx.com\/?p=147161"},"modified":"2026-04-27T10:49:27","modified_gmt":"2026-04-27T16:49:27","slug":"refuerza-monterrey-su-participacion-en-el-programa-callejero-del-tec","status":"publish","type":"post","link":"https:\/\/diariodigitalmx.com\/index.php\/2026\/04\/27\/refuerza-monterrey-su-participacion-en-el-programa-callejero-del-tec\/","title":{"rendered":"Refuerza Monterrey su participaci\u00f3n en el programa Callejero, del Tec"},"content":{"rendered":"\n<figure class=\"wp-block-image size-large\"><img loading=\"lazy\" decoding=\"async\" width=\"1024\" height=\"682\" src=\"https:\/\/diariodigitalmx.com\/wp-content\/uploads\/2026\/04\/337307-1024x682.jpg\" alt=\"\" class=\"wp-image-147164\" srcset=\"https:\/\/diariodigitalmx.com\/wp-content\/uploads\/2026\/04\/337307-1024x682.jpg 1024w, https:\/\/diariodigitalmx.com\/wp-content\/uploads\/2026\/04\/337307-300x200.jpg 300w, https:\/\/diariodigitalmx.com\/wp-content\/uploads\/2026\/04\/337307-768x512.jpg 768w, https:\/\/diariodigitalmx.com\/wp-content\/uploads\/2026\/04\/337307.jpg 1280w\" sizes=\"(max-width: 1024px) 100vw, 1024px\" \/><\/figure>\n\n\n\n<p>El Gobierno de la ciudad ampli\u00f3 a partir de este domingo su participaci\u00f3n en el programa \u201cCallejero\u201d que implementa el Tecnol\u00f3gico de Monterrey cada bimestre en la avenida Junco de la Vega.<br>Tal como se comprometi\u00f3 el alcalde Adri\u00e1n de la Garza con el rector, Juan Pablo Murra en un encuentro en enero pasado, el municipio refuerza su colaboraci\u00f3n con este proyecto de convivencia, ofreciendo una serie de actividades y servicios a los asistentes.<br>Una de las acciones principales es el cierre vial de dicha arteria con la vigilancia correspondiente, lo que ha ayudado a que se incremente el n\u00famero de visitantes seg\u00fan reporta el Distrito Tec.<br>Durante la edici\u00f3n de este domingo, correspondiente al mes de abril, Monterrey instal\u00f3 los m\u00f3dulos de adopci\u00f3n de bienestar animal, de la Regio Ruta, y de microcr\u00e9ditos para emprendedores.<\/p>\n\n\n\n<figure class=\"wp-block-image size-large\"><img loading=\"lazy\" decoding=\"async\" width=\"1024\" height=\"682\" src=\"https:\/\/diariodigitalmx.com\/wp-content\/uploads\/2026\/04\/337309-1024x682.jpg\" alt=\"\" class=\"wp-image-147165\" srcset=\"https:\/\/diariodigitalmx.com\/wp-content\/uploads\/2026\/04\/337309-1024x682.jpg 1024w, https:\/\/diariodigitalmx.com\/wp-content\/uploads\/2026\/04\/337309-300x200.jpg 300w, https:\/\/diariodigitalmx.com\/wp-content\/uploads\/2026\/04\/337309-768x512.jpg 768w, https:\/\/diariodigitalmx.com\/wp-content\/uploads\/2026\/04\/337309.jpg 1280w\" sizes=\"(max-width: 1024px) 100vw, 1024px\" \/><\/figure>\n\n\n\n<p>Tambi\u00e9n ofreci\u00f3 retas de futbol, exposici\u00f3n de arte, clases de pilates, y las presentaciones del ballet folkl\u00f3rico y de la Gran Orquesta.<br>Para supervisar todas las acciones, el jefe del Gabinete, Fernando Marg\u00e1in recorri\u00f3 los m\u00f3dulos.<br>El objetivo es transformar los espacios p\u00fablicos en lugares de encuentro para generar lazos de confianza y exponer emprendimientos locales.<\/p>\n\n\n\n<figure class=\"wp-block-image size-large\"><img loading=\"lazy\" decoding=\"async\" width=\"1024\" height=\"682\" src=\"https:\/\/diariodigitalmx.com\/wp-content\/uploads\/2026\/04\/337313-1024x682.jpg\" alt=\"\" class=\"wp-image-147167\" srcset=\"https:\/\/diariodigitalmx.com\/wp-content\/uploads\/2026\/04\/337313-1024x682.jpg 1024w, https:\/\/diariodigitalmx.com\/wp-content\/uploads\/2026\/04\/337313-300x200.jpg 300w, https:\/\/diariodigitalmx.com\/wp-content\/uploads\/2026\/04\/337313-768x512.jpg 768w, https:\/\/diariodigitalmx.com\/wp-content\/uploads\/2026\/04\/337313.jpg 1280w\" sizes=\"(max-width: 1024px) 100vw, 1024px\" \/><\/figure>\n\n\n\n<p>Se han contabilizado hasta tres mil 700 personas que acuden a los eventos, donde tambi\u00e9n se encuentran exhibiciones de box, clases de yoga, mercado, comidas, \u00e1rea de juegos para toda la familia y muchos atractivos m\u00e1s de 5:00 de la tarde a 10:00 de la noche con acceso gratis a las actividades.<br>Se realiza un domingo cada dos meses, excepto durante la Copa mundial de futbol que se tienen proyectadas cuatro ediciones especiales, dos en junio y dos en julio, en las que la Administraci\u00f3n Municipal seguir\u00e1 colaborando con su programa \u201cEl mundial es en mi casa, el mundial es en Monterrey\u201d.<\/p>\n","protected":false},"excerpt":{"rendered":"<p>El Gobierno de la ciudad ampli\u00f3 a partir de este domingo su participaci\u00f3n en el programa \u201cCallejero\u201d que implementa el Tecnol\u00f3gico de Monterrey cada bimestre en la avenida Junco de la Vega.Tal como se comprometi\u00f3 el alcalde Adri\u00e1n de la Garza con el rector, Juan Pablo Murra en un encuentro en enero pasado, el municipio [&hellip;]<\/p>\n","protected":false},"author":1,"featured_media":147163,"comment_status":"open","ping_status":"open","sticky":true,"template":"","format":"standard","meta":{"footnotes":""},"categories":[6],"tags":[],"_links":{"self":[{"href":"https:\/\/diariodigitalmx.com\/index.php\/wp-json\/wp\/v2\/posts\/147161"}],"collection":[{"href":"https:\/\/diariodigitalmx.com\/index.php\/wp-json\/wp\/v2\/posts"}],"about":[{"href":"https:\/\/diariodigitalmx.com\/index.php\/wp-json\/wp\/v2\/types\/post"}],"author":[{"embeddable":true,"href":"https:\/\/diariodigitalmx.com\/index.php\/wp-json\/wp\/v2\/users\/1"}],"replies":[{"embeddable":true,"href":"https:\/\/diariodigitalmx.com\/index.php\/wp-json\/wp\/v2\/comments?post=147161"}],"version-history":[{"count":2,"href":"https:\/\/diariodigitalmx.com\/index.php\/wp-json\/wp\/v2\/posts\/147161\/revisions"}],"predecessor-version":[{"id":147168,"href":"https:\/\/diariodigitalmx.com\/index.php\/wp-json\/wp\/v2\/posts\/147161\/revisions\/147168"}],"wp:featuredmedia":[{"embeddable":true,"href":"https:\/\/diariodigitalmx.com\/index.php\/wp-json\/wp\/v2\/media\/147163"}],"wp:attachment":[{"href":"https:\/\/diariodigitalmx.com\/index.php\/wp-json\/wp\/v2\/media?parent=147161"}],"wp:term":[{"taxonomy":"category","embeddable":true,"href":"https:\/\/diariodigitalmx.com\/index.php\/wp-json\/wp\/v2\/categories?post=147161"},{"taxonomy":"post_tag","embeddable":true,"href":"https:\/\/diariodigitalmx.com\/index.php\/wp-json\/wp\/v2\/tags?post=147161"}],"curies":[{"name":"wp","href":"https:\/\/api.w.org\/{rel}","templated":true}]}}