{"id":147169,"date":"2026-04-27T11:08:27","date_gmt":"2026-04-27T17:08:27","guid":{"rendered":"https:\/\/diariodigitalmx.com\/?p=147169"},"modified":"2026-04-27T11:11:17","modified_gmt":"2026-04-27T17:11:17","slug":"gerson-gomez-recomienda","status":"publish","type":"post","link":"https:\/\/diariodigitalmx.com\/index.php\/2026\/04\/27\/gerson-gomez-recomienda\/","title":{"rendered":"Gerson G\u00f3mez recomienda"},"content":{"rendered":"\n<p>Abisal de Nadia L\u00f3pez Garc\u00eda<br>Abisal traza de forma \u00e1gil y fragmentaria la autobiograf\u00eda de Nadia L\u00f3pez Garc\u00eda, quien, para entender su historia y la de su familia, emprende una b\u00fasqueda que va desde los campos de pizca de fresa cerca de la frontera en Baja California hasta los bosques y las monta\u00f1as de la mixteca oaxaque\u00f1a. Entre la preocupaci\u00f3n por heredar la enfermedad de un abuelo ausente y la curiosidad por el punto m\u00e1s profundo de los oc\u00e9anos, Nadia ofrece infinidad de datos curiosos a la vez que denuncia la explotaci\u00f3n laboral infantil, la normalizaci\u00f3n de la violencia contra las mujeres, las injusticias que enfrentan las personas jornaleras migrantes, as\u00ed como los pueblos ind\u00edgenas. Su prosa precisa y po\u00e9tica nos recuerda que si de algo sirve la escritura es para luchar contra el olvido.<\/p>\n\n\n\n<figure class=\"wp-block-image size-full\"><img loading=\"lazy\" decoding=\"async\" width=\"323\" height=\"500\" src=\"https:\/\/diariodigitalmx.com\/wp-content\/uploads\/2026\/04\/337427.jpg\" alt=\"\" class=\"wp-image-147172\" srcset=\"https:\/\/diariodigitalmx.com\/wp-content\/uploads\/2026\/04\/337427.jpg 323w, https:\/\/diariodigitalmx.com\/wp-content\/uploads\/2026\/04\/337427-194x300.jpg 194w\" sizes=\"(max-width: 323px) 100vw, 323px\" \/><\/figure>\n\n\n\n<p>Rosario Castellanos. En los labios del viento he de llamarme \u00e1rbol de muchos p\u00e1jaros de Elena Poniatowska Amor<\/p>\n\n\n\n<p>Elena Poniatowska establece la relaci\u00f3n entre la vida personal de Rosario Castellanos, su amplia obra literaria y las condiciones de vida de las mujeres mexicanas a durante la segunda mitad del siglo XX. El ensayo incluye reflexiones acerca de los escritos de la autora, como su tesis Sobre cultura femenina, los temas recurrentes en su obra po\u00e9tica y su narrativa, su relaci\u00f3n con los pueblos ind\u00edgenas al ser hija de hacendados en Chiapas, as\u00ed como su labor diplom\u00e1tica como embajadora de M\u00e9xico en Israel.<\/p>\n\n\n\n<figure class=\"wp-block-image size-full\"><img loading=\"lazy\" decoding=\"async\" width=\"316\" height=\"359\" src=\"https:\/\/diariodigitalmx.com\/wp-content\/uploads\/2026\/04\/FM12195_edit_274838330570.jpg\" alt=\"\" class=\"wp-image-147175\" srcset=\"https:\/\/diariodigitalmx.com\/wp-content\/uploads\/2026\/04\/FM12195_edit_274838330570.jpg 316w, https:\/\/diariodigitalmx.com\/wp-content\/uploads\/2026\/04\/FM12195_edit_274838330570-264x300.jpg 264w\" sizes=\"(max-width: 316px) 100vw, 316px\" \/><\/figure>\n\n\n\n<p>El Consejo Mexicano de Negocios. Surgimiento y consolidaci\u00f3n de Marcela Briz Garizurieta<\/p>\n\n\n\n<p>Desde sus or\u00edgenes el Consejo Mexicano de Negocios (CMN) ha tenido gran influencia en la pol\u00edtica en M\u00e9xico. Durante d\u00e9cadas ha movido los engranajes pol\u00edticos y econ\u00f3micos desde las sombras. En esta investigaci\u00f3n, Marcela Briz Garizurieta estudia el CMN desde su fundaci\u00f3n, sus transformaciones en su estructura, en sus formas de operaci\u00f3n y en su relaci\u00f3n con el poder pol\u00edtico. Se centra en dos momentos clave: el gobierno de Adolfo L\u00f3pez Mateos, en el que se libr\u00f3 una lucha campal en los medios pol\u00edticos por influir en el modelo de desarrollo econ\u00f3mico del pa\u00eds, y el de Luis Echeverr\u00eda, cuando las pol\u00edticas reformistas de la administraci\u00f3n condujeron a un fuerte enfrentamiento entre los empresarios y el gobierno.<\/p>\n\n\n\n<figure class=\"wp-block-image size-full\"><img loading=\"lazy\" decoding=\"async\" width=\"298\" height=\"347\" src=\"https:\/\/diariodigitalmx.com\/wp-content\/uploads\/2026\/04\/FM12196_edit_261993441617.jpg\" alt=\"\" class=\"wp-image-147176\" srcset=\"https:\/\/diariodigitalmx.com\/wp-content\/uploads\/2026\/04\/FM12196_edit_261993441617.jpg 298w, https:\/\/diariodigitalmx.com\/wp-content\/uploads\/2026\/04\/FM12196_edit_261993441617-258x300.jpg 258w\" sizes=\"(max-width: 298px) 100vw, 298px\" \/><\/figure>\n\n\n\n<p>Revoluciones por minuto de Juan Villoro<\/p>\n\n\n\n<p>Es un d\u00eda extra\u00f1o. Por primera vez en la vida de Federico, la nieve cae en su ciudad. Este acontecimiento lo llevar\u00e1 a una misi\u00f3n que le encomienda su padre: resolver el enigma de un misterioso disco de vinilo que al ser tocado al rev\u00e9s ofrece mensajes ocultos. Junto con Ximena, su crush, se embarcar\u00e1 en una aventura llena de riesgos y personajes singulares para descubrir algo que muy pocos conocen. \u00bfLograr\u00e1 develar el secreto escondido en la m\u00fasica del disco?<\/p>\n","protected":false},"excerpt":{"rendered":"<p>Abisal de Nadia L\u00f3pez Garc\u00edaAbisal traza de forma \u00e1gil y fragmentaria la autobiograf\u00eda de Nadia L\u00f3pez Garc\u00eda, quien, para entender su historia y la de su familia, emprende una b\u00fasqueda que va desde los campos de pizca de fresa cerca de la frontera en Baja California hasta los bosques y las monta\u00f1as de la mixteca [&hellip;]<\/p>\n","protected":false},"author":1,"featured_media":147171,"comment_status":"open","ping_status":"open","sticky":true,"template":"","format":"standard","meta":{"footnotes":""},"categories":[11,14],"tags":[],"_links":{"self":[{"href":"https:\/\/diariodigitalmx.com\/index.php\/wp-json\/wp\/v2\/posts\/147169"}],"collection":[{"href":"https:\/\/diariodigitalmx.com\/index.php\/wp-json\/wp\/v2\/posts"}],"about":[{"href":"https:\/\/diariodigitalmx.com\/index.php\/wp-json\/wp\/v2\/types\/post"}],"author":[{"embeddable":true,"href":"https:\/\/diariodigitalmx.com\/index.php\/wp-json\/wp\/v2\/users\/1"}],"replies":[{"embeddable":true,"href":"https:\/\/diariodigitalmx.com\/index.php\/wp-json\/wp\/v2\/comments?post=147169"}],"version-history":[{"count":3,"href":"https:\/\/diariodigitalmx.com\/index.php\/wp-json\/wp\/v2\/posts\/147169\/revisions"}],"predecessor-version":[{"id":147177,"href":"https:\/\/diariodigitalmx.com\/index.php\/wp-json\/wp\/v2\/posts\/147169\/revisions\/147177"}],"wp:featuredmedia":[{"embeddable":true,"href":"https:\/\/diariodigitalmx.com\/index.php\/wp-json\/wp\/v2\/media\/147171"}],"wp:attachment":[{"href":"https:\/\/diariodigitalmx.com\/index.php\/wp-json\/wp\/v2\/media?parent=147169"}],"wp:term":[{"taxonomy":"category","embeddable":true,"href":"https:\/\/diariodigitalmx.com\/index.php\/wp-json\/wp\/v2\/categories?post=147169"},{"taxonomy":"post_tag","embeddable":true,"href":"https:\/\/diariodigitalmx.com\/index.php\/wp-json\/wp\/v2\/tags?post=147169"}],"curies":[{"name":"wp","href":"https:\/\/api.w.org\/{rel}","templated":true}]}}