{"id":147178,"date":"2026-04-27T18:14:02","date_gmt":"2026-04-28T00:14:02","guid":{"rendered":"https:\/\/diariodigitalmx.com\/?p=147178"},"modified":"2026-04-27T18:22:07","modified_gmt":"2026-04-28T00:22:07","slug":"asiste-mijes-a-renovacion-de-aalmac-y-refrenda-vision-desde-el-territorio","status":"publish","type":"post","link":"https:\/\/diariodigitalmx.com\/index.php\/2026\/04\/27\/asiste-mijes-a-renovacion-de-aalmac-y-refrenda-vision-desde-el-territorio\/","title":{"rendered":"Asiste Mijes a renovaci\u00f3n de AALMAC y refrenda visi\u00f3n desde el territorio"},"content":{"rendered":"\n<p>El Alcalde Andr\u00e9s Mijes particip\u00f3 en la renovaci\u00f3n de la dirigencia de la Asociaci\u00f3n de Autoridades Locales de M\u00e9xico (AALMAC), en un encuentro que reuni\u00f3 a liderazgos municipales de todo el Pa\u00eds y que reafirma la importancia de construir la transformaci\u00f3n desde lo local.<br>El acto, realizado en el Museo de la Ciudad de M\u00e9xico y encabezado por la Jefa de Gobierno, Clara Brugada, tuvo como eje central fortalecer la coordinaci\u00f3n entre municipios y consolidar pol\u00edticas p\u00fablicas que respondan de forma directa a las necesidades de la gente.<br>Durante la jornada, Javier L\u00f3pez Casar\u00edn asumi\u00f3 la Presidencia Nacional de la AALMAC, destacando que el rumbo del Pa\u00eds se define en el territorio, donde los gobiernos municipales enfrentan los retos cotidianos y generan soluciones reales.<\/p>\n\n\n\n<figure class=\"wp-block-image size-large\"><img loading=\"lazy\" decoding=\"async\" width=\"1024\" height=\"675\" src=\"https:\/\/diariodigitalmx.com\/wp-content\/uploads\/2026\/04\/338857-1024x675.jpg\" alt=\"\" class=\"wp-image-147184\" srcset=\"https:\/\/diariodigitalmx.com\/wp-content\/uploads\/2026\/04\/338857-1024x675.jpg 1024w, https:\/\/diariodigitalmx.com\/wp-content\/uploads\/2026\/04\/338857-300x198.jpg 300w, https:\/\/diariodigitalmx.com\/wp-content\/uploads\/2026\/04\/338857-768x506.jpg 768w, https:\/\/diariodigitalmx.com\/wp-content\/uploads\/2026\/04\/338857.jpg 1079w\" sizes=\"(max-width: 1024px) 100vw, 1024px\" \/><\/figure>\n\n\n\n<p>En ese mismo espacio, Andr\u00e9s Mijes fue ratificado como Coordinador Estatal de la Asociaci\u00f3n, consolidando su liderazgo en Nuevo Le\u00f3n y su papel en la construcci\u00f3n de una agenda municipal con visi\u00f3n metropolitana y sentido de Pa\u00eds.<br>El reconocimiento a su trabajo fue claro y directo. Armando Quintero, Coordinador del Instituto Nacional del Federalismo y Desarrollo Municipal, subray\u00f3 frente a todo el auditorio y dirigi\u00e9ndose al Alcalde de Escobedo y Presidente de la Mesa de Coordinaci\u00f3n Metropolitana de Nuevo Le\u00f3n, la relevancia del modelo de seguridad de Andr\u00e9s Mijes, se\u00f1alando que su experiencia representa una referencia nacional que puede ser retomada por otros municipios.<\/p>\n\n\n\n<figure class=\"wp-block-image size-large\"><img loading=\"lazy\" decoding=\"async\" width=\"1024\" height=\"751\" src=\"https:\/\/diariodigitalmx.com\/wp-content\/uploads\/2026\/04\/338856-1024x751.jpg\" alt=\"\" class=\"wp-image-147185\" srcset=\"https:\/\/diariodigitalmx.com\/wp-content\/uploads\/2026\/04\/338856-1024x751.jpg 1024w, https:\/\/diariodigitalmx.com\/wp-content\/uploads\/2026\/04\/338856-300x220.jpg 300w, https:\/\/diariodigitalmx.com\/wp-content\/uploads\/2026\/04\/338856-768x564.jpg 768w, https:\/\/diariodigitalmx.com\/wp-content\/uploads\/2026\/04\/338856.jpg 1078w\" sizes=\"(max-width: 1024px) 100vw, 1024px\" \/><\/figure>\n\n\n\n<p>\u201c(Andr\u00e9s Mijes), ser\u00eda bueno que \u00e9l transmita la experiencia que tiene en materia de seguridad, no la del Gobierno Federal, ni del Gobierno Estatal sino la del Gobierno Municipal porque es una experiencia extraordinaria, junto a Nezahualc\u00f3yotl han aplicado pol\u00edticas p\u00fablicas sumamente exitosas que vale la pena oir para retomarlas\u201d, precis\u00f3 Quintero.&nbsp;<br>Este se\u00f1alamiento confirma el alcance de un modelo que ha logrado articular seguridad, cercan\u00eda y resultados, y que ha sido construido desde lo local con disciplina, coordinaci\u00f3n y trabajo constante en el territorio.<br>La participaci\u00f3n de Mijes en este encuentro tambi\u00e9n refleja una convicci\u00f3n que hoy marca elrumbo del pa\u00eds, la transformaci\u00f3n que impulsa la Presidenta de M\u00e9xico, Claudia Sheinbaum Pardo, se construye desde los municipios, desde lo local, con gobiernos que entienden su responsabilidad y hacen del trabajo cotidiano la base del cambio.<br>Desde la Capital de la Transformaci\u00f3n en Todo Nuevo Le\u00f3n, la 4T Norte\u00f1a ha demostrado que esa ruta s\u00ed funciona. Con la mano derecha, generando condiciones para la inversi\u00f3n, la seguridad y el crecimiento econ\u00f3mico. Y con la mano izquierda, asegurando que ese crecimiento se traduzca en bienestar, en oportunidades y en tejido social m\u00e1s fuerte.<br>Cuando hay cercan\u00eda para escuchar, honestidad para actuar y capacidad para cumplir, los resultados se sienten. Y cuando lo local avanza con orden y visi\u00f3n, Nuevo Le\u00f3n se fortalece y el pa\u00eds tambi\u00e9n.&nbsp;Ese es el esp\u00edritu de trabajo y resultados con el que Andr\u00e9s Mijes estuvo presente y en la primera fila de los trabajos de renovaci\u00f3n de la dirigencia de la AALMAC.<\/p>\n","protected":false},"excerpt":{"rendered":"<p>El Alcalde Andr\u00e9s Mijes particip\u00f3 en la renovaci\u00f3n de la dirigencia de la Asociaci\u00f3n de Autoridades Locales de M\u00e9xico (AALMAC), en un encuentro que reuni\u00f3 a liderazgos municipales de todo el Pa\u00eds y que reafirma la importancia de construir la transformaci\u00f3n desde lo local.El acto, realizado en el Museo de la Ciudad de M\u00e9xico y [&hellip;]<\/p>\n","protected":false},"author":1,"featured_media":147180,"comment_status":"open","ping_status":"open","sticky":true,"template":"","format":"standard","meta":{"footnotes":""},"categories":[6],"tags":[],"_links":{"self":[{"href":"https:\/\/diariodigitalmx.com\/index.php\/wp-json\/wp\/v2\/posts\/147178"}],"collection":[{"href":"https:\/\/diariodigitalmx.com\/index.php\/wp-json\/wp\/v2\/posts"}],"about":[{"href":"https:\/\/diariodigitalmx.com\/index.php\/wp-json\/wp\/v2\/types\/post"}],"author":[{"embeddable":true,"href":"https:\/\/diariodigitalmx.com\/index.php\/wp-json\/wp\/v2\/users\/1"}],"replies":[{"embeddable":true,"href":"https:\/\/diariodigitalmx.com\/index.php\/wp-json\/wp\/v2\/comments?post=147178"}],"version-history":[{"count":3,"href":"https:\/\/diariodigitalmx.com\/index.php\/wp-json\/wp\/v2\/posts\/147178\/revisions"}],"predecessor-version":[{"id":147186,"href":"https:\/\/diariodigitalmx.com\/index.php\/wp-json\/wp\/v2\/posts\/147178\/revisions\/147186"}],"wp:featuredmedia":[{"embeddable":true,"href":"https:\/\/diariodigitalmx.com\/index.php\/wp-json\/wp\/v2\/media\/147180"}],"wp:attachment":[{"href":"https:\/\/diariodigitalmx.com\/index.php\/wp-json\/wp\/v2\/media?parent=147178"}],"wp:term":[{"taxonomy":"category","embeddable":true,"href":"https:\/\/diariodigitalmx.com\/index.php\/wp-json\/wp\/v2\/categories?post=147178"},{"taxonomy":"post_tag","embeddable":true,"href":"https:\/\/diariodigitalmx.com\/index.php\/wp-json\/wp\/v2\/tags?post=147178"}],"curies":[{"name":"wp","href":"https:\/\/api.w.org\/{rel}","templated":true}]}}