{"id":147187,"date":"2026-04-27T20:33:01","date_gmt":"2026-04-28T02:33:01","guid":{"rendered":"https:\/\/diariodigitalmx.com\/?p=147187"},"modified":"2026-04-27T20:33:45","modified_gmt":"2026-04-28T02:33:45","slug":"lorena-de-la-garza-el-problema-de-la-calidad-del-aire-esta-sobrediagnosticado-y-los-ninos-estan-pagando-el-costo-de-la-inaccion","status":"publish","type":"post","link":"https:\/\/diariodigitalmx.com\/index.php\/2026\/04\/27\/lorena-de-la-garza-el-problema-de-la-calidad-del-aire-esta-sobrediagnosticado-y-los-ninos-estan-pagando-el-costo-de-la-inaccion\/","title":{"rendered":"Lorena de la Garza: El problema de la calidad del aire est\u00e1 sobrediagnosticado y los ni\u00f1os est\u00e1n pagando el costo de la inacci\u00f3n"},"content":{"rendered":"\n<p>La diputada Lorena de la Garza subi\u00f3 a la tribuna del Congreso de Nuevo Le\u00f3n para respaldar un exhorto que exige a la UANL, a la Secretar\u00eda de Salud y a la Secretar\u00eda de Gobernaci\u00f3n investigar y actuar ante los niveles de plomo en sangre detectados en menores de los CENDIS del \u00e1rea metropolitana.<\/p>\n\n\n\n<p>El exhorto, presentado por la diputada Claudia Caballero y aprobado por el pleno, surge tras confirmarse que 329 de 1,239 ni\u00f1os analizados presentan niveles detectables del metal, con mayor incidencia en planteles ubicados en municipios de alta actividad industrial: Escobedo, Apodaca y Monterrey.<\/p>\n\n\n\n<p>Lorena de la Garza se\u00f1al\u00f3 que no es falta de diagn\u00f3stico, es falta de acci\u00f3n. &#8220;El problema de la calidad del aire est\u00e1 sobrediagnosticado&#8221;, afirm\u00f3 desde tribuna. Record\u00f3 que hace m\u00e1s de un a\u00f1o la secretaria Alicia B\u00e1rcena prometi\u00f3 publicar el listado de las fuentes de contaminaci\u00f3n en Nuevo Le\u00f3n y un plan de acci\u00f3n para remediar el da\u00f1o ambiental, compromiso que al d\u00eda de hoy no se ha cumplido.<\/p>\n\n\n\n<p>La legisladora tambi\u00e9n reconoci\u00f3 al personal de los CENDIS. &#8220;Quiero respaldar a la maestra Lupita y a todos los miembros de los CENDIS, que sabemos la calidad y el trato con el que trabajan por los ni\u00f1os de esta ciudad&#8221;, afirm\u00f3 desde tribuna.<\/p>\n\n\n\n<p>El se\u00f1alamiento cobra relevancia ante la postura de la Secretar\u00eda de Salud del Estado, que descart\u00f3 una correlaci\u00f3n directa con las industrias de la zona y atribuy\u00f3 la exposici\u00f3n al plomo a fuentes alternativas como dulces de tamarindo, loza de barro o cosm\u00e9ticos sin certificaci\u00f3n. Lorena calific\u00f3 esa declaraci\u00f3n de &#8220;simplona e irresponsable&#8221; y exigi\u00f3 un debate m\u00e1s serio sobre las causas reales de la contaminaci\u00f3n.<\/p>\n\n\n\n<p>Lorena convoc\u00f3 a legisladores de todos los partidos a actuar desde sus propios canales en lugar de limitarse a la confrontaci\u00f3n partidista. A los diputados de Morena, PT y Verde los llam\u00f3 a presionar a Alicia B\u00e1rcena para acelerar el diagn\u00f3stico federal. A los de Movimiento Ciudadano, a exigir resultados concretos a la Secretar\u00eda de Medio Ambiente y a la Secretar\u00eda de Salud del Estado. Plante\u00f3 adem\u00e1s que la UANL y el Tec de Monterrey participen para otorgar certeza t\u00e9cnica a los diagn\u00f3sticos y credibilidad a las conclusiones, de modo que sirvan de base para pol\u00edticas p\u00fablicas efectivas y sostenidas.<\/p>\n\n\n\n<p>El exhorto aprobado instruye a la UANL realizar una investigaci\u00f3n t\u00e9cnica independiente sobre fuentes emisoras de metales pesados en zonas habitacionales e industriales del \u00e1rea metropolitana; a la Secretar\u00eda de Salud aplicar estudios urgentes en escuelas cercanas a industrias contaminantes; y a la Secretar\u00eda de Gobernaci\u00f3n registrar el plomo en el inventario nacional de emisiones. En el entorno de los CENDIS con mayor incidencia se identificaron cerca de 50 empresas que emiten en conjunto aproximadamente 84,169 kilogramos de plomo al a\u00f1o.<\/p>\n\n\n\n<p>Hace meses, la diputada Lorena present\u00f3 una iniciativa de ley para que la Secretar\u00eda de Salud registrara en los certificados de defunci\u00f3n si la causa del deceso fue agravada por respirar aire de mala calidad. Previamente impuls\u00f3 un llamado a la Secretar\u00eda de Econom\u00eda Federal para actualizar las normas con las que se mide la contaminaci\u00f3n industrial. &#8220;Esto a Nuevo Le\u00f3n le est\u00e1 costando vidas&#8221;, advirti\u00f3.<\/p>\n","protected":false},"excerpt":{"rendered":"<p>La diputada Lorena de la Garza subi\u00f3 a la tribuna del Congreso de Nuevo Le\u00f3n para respaldar un exhorto que exige a la UANL, a la Secretar\u00eda de Salud y a la Secretar\u00eda de Gobernaci\u00f3n investigar y actuar ante los niveles de plomo en sangre detectados en menores de los CENDIS del \u00e1rea metropolitana. El [&hellip;]<\/p>\n","protected":false},"author":1,"featured_media":147189,"comment_status":"open","ping_status":"open","sticky":true,"template":"","format":"standard","meta":{"footnotes":""},"categories":[1],"tags":[],"_links":{"self":[{"href":"https:\/\/diariodigitalmx.com\/index.php\/wp-json\/wp\/v2\/posts\/147187"}],"collection":[{"href":"https:\/\/diariodigitalmx.com\/index.php\/wp-json\/wp\/v2\/posts"}],"about":[{"href":"https:\/\/diariodigitalmx.com\/index.php\/wp-json\/wp\/v2\/types\/post"}],"author":[{"embeddable":true,"href":"https:\/\/diariodigitalmx.com\/index.php\/wp-json\/wp\/v2\/users\/1"}],"replies":[{"embeddable":true,"href":"https:\/\/diariodigitalmx.com\/index.php\/wp-json\/wp\/v2\/comments?post=147187"}],"version-history":[{"count":1,"href":"https:\/\/diariodigitalmx.com\/index.php\/wp-json\/wp\/v2\/posts\/147187\/revisions"}],"predecessor-version":[{"id":147188,"href":"https:\/\/diariodigitalmx.com\/index.php\/wp-json\/wp\/v2\/posts\/147187\/revisions\/147188"}],"wp:featuredmedia":[{"embeddable":true,"href":"https:\/\/diariodigitalmx.com\/index.php\/wp-json\/wp\/v2\/media\/147189"}],"wp:attachment":[{"href":"https:\/\/diariodigitalmx.com\/index.php\/wp-json\/wp\/v2\/media?parent=147187"}],"wp:term":[{"taxonomy":"category","embeddable":true,"href":"https:\/\/diariodigitalmx.com\/index.php\/wp-json\/wp\/v2\/categories?post=147187"},{"taxonomy":"post_tag","embeddable":true,"href":"https:\/\/diariodigitalmx.com\/index.php\/wp-json\/wp\/v2\/tags?post=147187"}],"curies":[{"name":"wp","href":"https:\/\/api.w.org\/{rel}","templated":true}]}}