{"id":147207,"date":"2026-04-28T08:37:57","date_gmt":"2026-04-28T14:37:57","guid":{"rendered":"https:\/\/diariodigitalmx.com\/?p=147207"},"modified":"2026-04-28T08:38:54","modified_gmt":"2026-04-28T14:38:54","slug":"aqui-estamos","status":"publish","type":"post","link":"https:\/\/diariodigitalmx.com\/index.php\/2026\/04\/28\/aqui-estamos\/","title":{"rendered":"\u00a1Aqu\u00ed estamos!"},"content":{"rendered":"\n<p>Ra\u00fal Guajardo Cant\u00fa<\/p>\n\n\n\n<p>Parece que a los pol\u00edticos que hoy ocupan cargos de elecci\u00f3n popular debemos recordarles que aqu\u00ed estamos todav\u00eda y que, se supone, deben ellos dar soluci\u00f3n a los problemas que nos aquejan, en funci\u00f3n de los cargos que ocupan.<\/p>\n\n\n\n<p>Y es que parece que la \u00fanica preocupaci\u00f3n de quienes ostentan cargos p\u00fablicos consiste en promocionarse para el siguiente puesto a alcanzar, sea de elecci\u00f3n popular o por designaci\u00f3n, para lo cual se volcar\u00edan a trabajar en torno a un proyecto de alguno de sus amigos o jefes.<\/p>\n\n\n\n<p>Mientras tanto, qu\u00e9 importa si la ciudad o el estado no est\u00e1 preparado para la siguiente temporada de lluvias, como el drenaje pluvial no se ve m\u00e1s que cuando falla, nadie le invierte a este tipo de obras, tampoco nadie se atreve a intentar obras de gran impacto, como lo era Monterrey VI, puesto que solo de vez en cuando se presentan crisis de agua como la que vivimos hace unos 4 a\u00f1os en el \u00e1rea metropolitana de Monterrey.<\/p>\n\n\n\n<p>Pero tampoco toman en cuenta estos pol\u00edticos que ese tipo de obra puede impactar en el desarrollo futuro del estado, por ejemplo, en caso de que se apruebe el fracking, como ya lo hemos se\u00f1alado, vamos a requerir agua en cantidades que no existen en el estado, pero tambi\u00e9n impactar\u00e1n en el hecho de que no tendremos energ\u00eda el\u00e9ctrica disponible y suficiente para la puesta en marcha de nuevos proyectos econ\u00f3micos.<\/p>\n\n\n\n<p>O, por ejemplo, que adem\u00e1s de poner miles de c\u00e1maras en las calles del estado, se cuente con un proyecto general para mejorar la seguridad, las c\u00e1maras por s\u00ed solas no sirven para mucho, ya lo vimos en dos sonados casos ocurridos en la que se supone es la ciudad m\u00e1s segura del pa\u00eds.<\/p>\n\n\n\n<p>As\u00ed que quiz\u00e1 de vez en cuando los ciudadanos deber\u00edamos decirles a los pol\u00edticos y funcionarios que \u00a1Aqu\u00ed estamos!, que nos necesitan tan siquiera el d\u00eda de la elecci\u00f3n, a menos de que ya hayan construido alguno que otro peque\u00f1o truco que nos haga innecesarios en las urnas.<\/p>\n\n\n\n<p>Que entiendan que no se trata de encontrar influencers que destaquen en sus publicaciones cu\u00e1n maravillosos son, o que encuentren frases pegajosas que encubran la falta de un proyecto serio de servicio y obras para el estado o la ciudad.<\/p>\n\n\n\n<p>Sabemos que antes de pensar en realizar tal o cual obra el pol\u00edtico debe ganar una elecci\u00f3n, pero lo uno no implica que lo otro deba ser desechado. S\u00ed, que tengan muy buen manejo de medios, de redes, de imagen, eso no est\u00e1 mal, lo que est\u00e1 mal es que no exista adjunto a este proceso, un plan de trabajo en el cual se incluya lo que se tiene pensado hacer y, m\u00e1s importante, c\u00f3mo se tiene pensado hacerlo.<\/p>\n\n\n\n<p>No vaya a ser que al final, sin planes ejecutivos ni estructura de trabajo, acaben con una serie de anuncios espectaculares de los cuales, solo ellos fueron testigos. Ojal\u00e1 recuerden aquella f\u00e1bula en la cual el rey va desnudo, pero pensando en que trae un traje que solamente los inteligentes ven, porque se los vamos a decir, recuerden que \u00a1Aqu\u00ed estamos!<\/p>\n","protected":false},"excerpt":{"rendered":"<p>Ra\u00fal Guajardo Cant\u00fa Parece que a los pol\u00edticos que hoy ocupan cargos de elecci\u00f3n popular debemos recordarles que aqu\u00ed estamos todav\u00eda y que, se supone, deben ellos dar soluci\u00f3n a los problemas que nos aquejan, en funci\u00f3n de los cargos que ocupan. Y es que parece que la \u00fanica preocupaci\u00f3n de quienes ostentan cargos p\u00fablicos [&hellip;]<\/p>\n","protected":false},"author":1,"featured_media":146705,"comment_status":"open","ping_status":"open","sticky":true,"template":"","format":"standard","meta":{"footnotes":""},"categories":[12],"tags":[],"_links":{"self":[{"href":"https:\/\/diariodigitalmx.com\/index.php\/wp-json\/wp\/v2\/posts\/147207"}],"collection":[{"href":"https:\/\/diariodigitalmx.com\/index.php\/wp-json\/wp\/v2\/posts"}],"about":[{"href":"https:\/\/diariodigitalmx.com\/index.php\/wp-json\/wp\/v2\/types\/post"}],"author":[{"embeddable":true,"href":"https:\/\/diariodigitalmx.com\/index.php\/wp-json\/wp\/v2\/users\/1"}],"replies":[{"embeddable":true,"href":"https:\/\/diariodigitalmx.com\/index.php\/wp-json\/wp\/v2\/comments?post=147207"}],"version-history":[{"count":1,"href":"https:\/\/diariodigitalmx.com\/index.php\/wp-json\/wp\/v2\/posts\/147207\/revisions"}],"predecessor-version":[{"id":147208,"href":"https:\/\/diariodigitalmx.com\/index.php\/wp-json\/wp\/v2\/posts\/147207\/revisions\/147208"}],"wp:featuredmedia":[{"embeddable":true,"href":"https:\/\/diariodigitalmx.com\/index.php\/wp-json\/wp\/v2\/media\/146705"}],"wp:attachment":[{"href":"https:\/\/diariodigitalmx.com\/index.php\/wp-json\/wp\/v2\/media?parent=147207"}],"wp:term":[{"taxonomy":"category","embeddable":true,"href":"https:\/\/diariodigitalmx.com\/index.php\/wp-json\/wp\/v2\/categories?post=147207"},{"taxonomy":"post_tag","embeddable":true,"href":"https:\/\/diariodigitalmx.com\/index.php\/wp-json\/wp\/v2\/tags?post=147207"}],"curies":[{"name":"wp","href":"https:\/\/api.w.org\/{rel}","templated":true}]}}