{"id":147210,"date":"2026-04-28T08:49:16","date_gmt":"2026-04-28T14:49:16","guid":{"rendered":"https:\/\/diariodigitalmx.com\/?p=147210"},"modified":"2026-04-28T08:49:40","modified_gmt":"2026-04-28T14:49:40","slug":"otra-lujosa-fiesta-de-morenistas","status":"publish","type":"post","link":"https:\/\/diariodigitalmx.com\/index.php\/2026\/04\/28\/otra-lujosa-fiesta-de-morenistas\/","title":{"rendered":"Otra lujosa fiesta de morenistas"},"content":{"rendered":"\n<p>De frente y de perfil <\/p>\n\n\n\n<p>Ram\u00f3n Zurita Sahag\u00fan <br>Si algo est\u00e1 claro es que los morenistas no est\u00e1n dispuestos a vivir en la justa median\u00eda que les ped\u00eda Andr\u00e9s Manuel L\u00f3pez Obrador.<\/p>\n\n\n\n<p>Lo mismo les repite constantemente la Presidenta Claudia Sheinbaum Pardo, la que dice \u201clos viajes lujosos y la vida lujosa no tiene que ver con el movimiento de transformaci\u00f3n, independientemente de d\u00f3nde vengan\u201d.<\/p>\n\n\n\n<p>Sin embargo, las palabras del expresidente y la Presidenta actual son pr\u00e9dicas en el desierto, ya que los distinguidos militantes de MORENA compiten para ver quien vive con m\u00e1s en la opulencia.<\/p>\n\n\n\n<p>Gastan en viajes suntuosos, compran casas, departamentos y ranchos por doquier, usan veh\u00edculos de lujo y no hacen caso de la justa median\u00eda que dec\u00eda Benito Ju\u00e1rez Garc\u00eda.<\/p>\n\n\n\n<p>Frecuentemente se divulgan sus dispendios y, principalmente, la vida que llevan sus hijos, de despilfarro, sin recato alguno.<\/p>\n\n\n\n<p>Pero los responsables de ello son los propios padres, los que no escatiman para cumplir los caprichos de sus familiares.<\/p>\n\n\n\n<p>Si hace un par de meses, se public\u00f3 el lujo con que uno de los constructores favoritos de la actual administraci\u00f3n, Juan Carlos Rojas, festej\u00f3 los quince a\u00f1os de su hija, con una celebraci\u00f3n a la que concurrieron personajes de la far\u00e1ndula como Galilea Montijo y Belinda, adem\u00e1s de llevar como variedad a J Balvin, Xavi y Matute.<\/p>\n\n\n\n<p>El desplazamiento de estos personajes, m\u00e1s los invitados, el sal\u00f3n en que tuvo lugar el festejo, los hospedajes, la alimentaci\u00f3n, bebidas y dem\u00e1s, fueron cuantificados en poco m\u00e1s de 40 millones de pesos.<\/p>\n\n\n\n<p>Rojas es un empresario petrolero beneficiado por las actuales administraciones, la pasada y la actual, con contratos que rebasan los mil millones de d\u00f3lares.<\/p>\n\n\n\n<p>Ahora ya le sali\u00f3 una competidora que entra en la disputa por obtener el reconocimiento de la mejor fiesta del a\u00f1o.<\/p>\n\n\n\n<p>Se trata de la diputada federal del Movimiento de Regeneraci\u00f3n Nacional Bertha Ahued Malpica, quien para resta\u00f1ar las heridas que le dej\u00f3 el a\u00f1o pasado ser derrotada como candidata a la alcald\u00eda de Boca del R\u00edo y aprovechando la cercan\u00eda de la boda de su hija, decidi\u00f3 echar la casa por la ventana.<\/p>\n\n\n\n<p>Qu\u00e9 mejor que aprovechar el recinto ferial de la feria de abril de Sevilla, Espa\u00f1a, para realizar una preboda en todo lo alto, a la que asistieron cerca de 250 invitados que disfrutaron de una divertida fiesta.<\/p>\n\n\n\n<p>No se escatim\u00f3 en nada, se rentaron tres casetas del recinto ferial, m\u00e1s la decoraci\u00f3n de las mismas, 50 carruajes que incluyen mayoral, cochero y zagal, adem\u00e1s de un suntuoso banquete de mariscos y vino blanco.<\/p>\n\n\n\n<p>Seg\u00fan los datos recabados, los 250 invitados gozaron del pago de sus billetes de avi\u00f3n, ida y vuelta, adem\u00e1s de hospedaje, lo que deja ver la generosidad de la anfitriona.<\/p>\n\n\n\n<p>Bertha Ahued es la propietaria del diario El Dictamen, considerado el m\u00e1s a\u00f1ejo de las publicaciones nacionales.<\/p>\n\n\n\n<pre class=\"wp-block-code\"><code>                                                                           \u2026\u2026\u2026\u2026\u2026\u2026.<\/code><\/pre>\n\n\n\n<p>Finalmente, ya qued\u00f3 inaugurado el tren Felipe \u00c1ngeles que corre de la CDMX al aeropuerto del mismo nombre. De esa manera dijo la Presidenta Sheinbaum Pardo habr\u00e1 una mayor coordinaci\u00f3n y m\u00e1s facilidades para los pasajeros que usen esa terminal a\u00e9rea\u2026MORENA design\u00f3 a sus candidatos en los 16 distritos electorales locales de Coahuila, para las elecciones de junio pr\u00f3ximo.<\/p>\n\n\n\n<p>Email: ramonzurita44@hotmail.com<\/p>\n\n\n\n<p>Email: ramonzurita44q@mail.com<\/p>\n","protected":false},"excerpt":{"rendered":"<p>De frente y de perfil Ram\u00f3n Zurita Sahag\u00fan Si algo est\u00e1 claro es que los morenistas no est\u00e1n dispuestos a vivir en la justa median\u00eda que les ped\u00eda Andr\u00e9s Manuel L\u00f3pez Obrador. Lo mismo les repite constantemente la Presidenta Claudia Sheinbaum Pardo, la que dice \u201clos viajes lujosos y la vida lujosa no tiene que [&hellip;]<\/p>\n","protected":false},"author":1,"featured_media":147212,"comment_status":"open","ping_status":"open","sticky":true,"template":"","format":"standard","meta":{"footnotes":""},"categories":[12,5],"tags":[],"_links":{"self":[{"href":"https:\/\/diariodigitalmx.com\/index.php\/wp-json\/wp\/v2\/posts\/147210"}],"collection":[{"href":"https:\/\/diariodigitalmx.com\/index.php\/wp-json\/wp\/v2\/posts"}],"about":[{"href":"https:\/\/diariodigitalmx.com\/index.php\/wp-json\/wp\/v2\/types\/post"}],"author":[{"embeddable":true,"href":"https:\/\/diariodigitalmx.com\/index.php\/wp-json\/wp\/v2\/users\/1"}],"replies":[{"embeddable":true,"href":"https:\/\/diariodigitalmx.com\/index.php\/wp-json\/wp\/v2\/comments?post=147210"}],"version-history":[{"count":1,"href":"https:\/\/diariodigitalmx.com\/index.php\/wp-json\/wp\/v2\/posts\/147210\/revisions"}],"predecessor-version":[{"id":147211,"href":"https:\/\/diariodigitalmx.com\/index.php\/wp-json\/wp\/v2\/posts\/147210\/revisions\/147211"}],"wp:featuredmedia":[{"embeddable":true,"href":"https:\/\/diariodigitalmx.com\/index.php\/wp-json\/wp\/v2\/media\/147212"}],"wp:attachment":[{"href":"https:\/\/diariodigitalmx.com\/index.php\/wp-json\/wp\/v2\/media?parent=147210"}],"wp:term":[{"taxonomy":"category","embeddable":true,"href":"https:\/\/diariodigitalmx.com\/index.php\/wp-json\/wp\/v2\/categories?post=147210"},{"taxonomy":"post_tag","embeddable":true,"href":"https:\/\/diariodigitalmx.com\/index.php\/wp-json\/wp\/v2\/tags?post=147210"}],"curies":[{"name":"wp","href":"https:\/\/api.w.org\/{rel}","templated":true}]}}