{"id":147220,"date":"2026-04-29T10:00:13","date_gmt":"2026-04-29T16:00:13","guid":{"rendered":"https:\/\/diariodigitalmx.com\/?p=147220"},"modified":"2026-04-29T10:00:40","modified_gmt":"2026-04-29T16:00:40","slug":"baja-california-en-crisis","status":"publish","type":"post","link":"https:\/\/diariodigitalmx.com\/index.php\/2026\/04\/29\/baja-california-en-crisis\/","title":{"rendered":"Baja California en crisis"},"content":{"rendered":"\n<p>De frente y de perfil <\/p>\n\n\n\n<p>Ram\u00f3n Zurita Sahag\u00fan <\/p>\n\n\n\n<p>Si hay una entidad en la que MORENA est\u00e1 entrando en crisis es Baja California y ello conlleva un grave riesgo para mantener el gobierno que actualmente encabeza.<\/p>\n\n\n\n<p>La administraci\u00f3n estatal de Marina del Pilar \u00c1vila enfrenta est\u00e1 crisis motivada por una serie de yerros cometidos y que ahora se vuelven en su contra.<\/p>\n\n\n\n<p>Para nadie es un misterio que el gobierno estadounidense decidi\u00f3 cancelar las visas de la gobernadora y del que entonces era su esposo, Carlos Torres, aunque nunca mencion\u00f3 las causas. Sin embargo, la Fiscal\u00eda General de la Rep\u00fablica inici\u00f3 una investigaci\u00f3n sobre algunas denuncias presentadas en contra del expanista.<\/p>\n\n\n\n<p>Desde el momento en que se conoci\u00f3 de la cancelaci\u00f3n de las visas, se solt\u00f3 una ola de rumores que involucran a la gobernadora y a su exesposo en diversas anomal\u00edas, al tiempo que se mostraron im\u00e1genes de Marina del Pilar en supuestas reuniones con personajes de la delincuencia organizada.<\/p>\n\n\n\n<p>Marina del Pilar comenz\u00f3 el deterioro de su vida p\u00fablica, recibi\u00f3 el rechazo de sus seguidores en plazas p\u00fablicas y ante la cercan\u00eda del relevo constitucional de su encargo, dio manotazo para tratar de impulsar a sus delfines, Julieta Ram\u00edrez senadora e Ismael Burgue\u00f1o, alcalde de Tijuana, dependiendo del g\u00e9nero del candidato, aunque ninguno de los dos prende el entusiasmo de los electores.<\/p>\n\n\n\n<p>En Baja California, la alianza pactada entre MORENA y sus aliados del Verde y PT no funciona y el Partido del Trabajo anunci\u00f3 que presentar\u00e1 sus propios candidatos y tiene tela de donde cortar.<\/p>\n\n\n\n<p>Jaime Bonilla Valdez, exgobernador del estado, encabeza al Partido del Trabajo, raz\u00f3n por la que la gobernadora inici\u00f3 una persecuci\u00f3n en contra del que fue su antecesor, en un juicio que todav\u00eda no se resuelve.<\/p>\n\n\n\n<p>Como si fuese poco, volte\u00f3 los ojos para el principal operador en el Partido del Trabajo, Marco Antonio Bl\u00e1squez, un conocido comunicador que ya fue senador y diputado.<\/p>\n\n\n\n<p>Extra\u00f1amente al conductor de noticias se le impuso una sanci\u00f3n por parte del Tribunal Electoral Estatal por considerar que mantuvo en la l\u00ednea durante una entrevista a una persona que se refiri\u00f3 con diversas expresiones que no fueron del gusto de la gobernadora Marina del Pilar \u00c1vila.<\/p>\n\n\n\n<p>La causa que le atribuyeron a Bl\u00e1squez fue que no cort\u00f3 la transmisi\u00f3n, ni censur\u00f3 a esa persona, con todo y que la persona se disculp\u00f3 p\u00fablicamente, la sanci\u00f3n se produjo.<\/p>\n\n\n\n<p>El castigo en contra del periodista y pol\u00edtico fue considerarlo como agresor y mantenerlo por cuatro meses en el padr\u00f3n de violentadores, adem\u00e1s de una amonestaci\u00f3n, tomar un curso de masculinidad responsable y publicar la sentencia en sus redes, lo que el comunicador consider\u00f3 como una cacer\u00eda pol\u00edtica en su contra.<\/p>\n\n\n\n<pre class=\"wp-block-code\"><code>                                                                           \u2026\u2026\u2026\u2026\u2026\u2026.<\/code><\/pre>\n\n\n\n<p>Advertencia del gobierno de Estados Unidos, pasar\u00e1 de la cancelaci\u00f3n de visas a las acusaciones formales en contra de pol\u00edticos mexicanos. \u00bfCu\u00e1ntos de ellos est\u00e1n sumamente preocupados?..La semana pasada, la gobernadora de Campeche, Layda Sansores, conoci\u00f3 la realidad de su popularidad, al ser rechazada y repudiada al acudir a la inauguraci\u00f3n del b\u00e9isbol de la Liga Mexicana en la capital de su estado\u2026Finalmente, el Fiscal de Chihuahua, C\u00e9sar Jauregui, renunci\u00f3 para dejar que las investigaciones que se realizan sobre el incidente en que murieron dos supuestos agentes de la DEA, sea aclarado a plenitud.<\/p>\n\n\n\n<p>Email: ramonzurita44@hotmail.com<\/p>\n\n\n\n<p>Email: ramonzurita44@gmail.com<\/p>\n","protected":false},"excerpt":{"rendered":"<p>De frente y de perfil Ram\u00f3n Zurita Sahag\u00fan Si hay una entidad en la que MORENA est\u00e1 entrando en crisis es Baja California y ello conlleva un grave riesgo para mantener el gobierno que actualmente encabeza. La administraci\u00f3n estatal de Marina del Pilar \u00c1vila enfrenta est\u00e1 crisis motivada por una serie de yerros cometidos y [&hellip;]<\/p>\n","protected":false},"author":1,"featured_media":147222,"comment_status":"open","ping_status":"open","sticky":true,"template":"","format":"standard","meta":{"footnotes":""},"categories":[14,12],"tags":[],"_links":{"self":[{"href":"https:\/\/diariodigitalmx.com\/index.php\/wp-json\/wp\/v2\/posts\/147220"}],"collection":[{"href":"https:\/\/diariodigitalmx.com\/index.php\/wp-json\/wp\/v2\/posts"}],"about":[{"href":"https:\/\/diariodigitalmx.com\/index.php\/wp-json\/wp\/v2\/types\/post"}],"author":[{"embeddable":true,"href":"https:\/\/diariodigitalmx.com\/index.php\/wp-json\/wp\/v2\/users\/1"}],"replies":[{"embeddable":true,"href":"https:\/\/diariodigitalmx.com\/index.php\/wp-json\/wp\/v2\/comments?post=147220"}],"version-history":[{"count":1,"href":"https:\/\/diariodigitalmx.com\/index.php\/wp-json\/wp\/v2\/posts\/147220\/revisions"}],"predecessor-version":[{"id":147221,"href":"https:\/\/diariodigitalmx.com\/index.php\/wp-json\/wp\/v2\/posts\/147220\/revisions\/147221"}],"wp:featuredmedia":[{"embeddable":true,"href":"https:\/\/diariodigitalmx.com\/index.php\/wp-json\/wp\/v2\/media\/147222"}],"wp:attachment":[{"href":"https:\/\/diariodigitalmx.com\/index.php\/wp-json\/wp\/v2\/media?parent=147220"}],"wp:term":[{"taxonomy":"category","embeddable":true,"href":"https:\/\/diariodigitalmx.com\/index.php\/wp-json\/wp\/v2\/categories?post=147220"},{"taxonomy":"post_tag","embeddable":true,"href":"https:\/\/diariodigitalmx.com\/index.php\/wp-json\/wp\/v2\/tags?post=147220"}],"curies":[{"name":"wp","href":"https:\/\/api.w.org\/{rel}","templated":true}]}}