{"id":147223,"date":"2026-04-29T11:08:23","date_gmt":"2026-04-29T17:08:23","guid":{"rendered":"https:\/\/diariodigitalmx.com\/?p=147223"},"modified":"2026-04-29T11:09:23","modified_gmt":"2026-04-29T17:09:23","slug":"supervisa-adrian-de-la-garza-vialidades-regias-y-modernizacion-de-senales","status":"publish","type":"post","link":"https:\/\/diariodigitalmx.com\/index.php\/2026\/04\/29\/supervisa-adrian-de-la-garza-vialidades-regias-y-modernizacion-de-senales\/","title":{"rendered":"Supervisa Adri\u00e1n de la Garza Vialidades Regias y modernizaci\u00f3n de se\u00f1ales"},"content":{"rendered":"\n<figure class=\"wp-block-image size-large\"><img loading=\"lazy\" decoding=\"async\" width=\"1024\" height=\"683\" src=\"https:\/\/diariodigitalmx.com\/wp-content\/uploads\/2026\/04\/342099-1024x683.jpg\" alt=\"\" class=\"wp-image-147226\" srcset=\"https:\/\/diariodigitalmx.com\/wp-content\/uploads\/2026\/04\/342099-1024x683.jpg 1024w, https:\/\/diariodigitalmx.com\/wp-content\/uploads\/2026\/04\/342099-300x200.jpg 300w, https:\/\/diariodigitalmx.com\/wp-content\/uploads\/2026\/04\/342099-768x512.jpg 768w, https:\/\/diariodigitalmx.com\/wp-content\/uploads\/2026\/04\/342099.jpg 1280w\" sizes=\"(max-width: 1024px) 100vw, 1024px\" \/><\/figure>\n\n\n\n<p>\u2022 <em>El municipio avanza en la rehabilitaci\u00f3n de calles y avenidas y en el cambio de se\u00f1ales para mejorar la movilidad y orientaci\u00f3n a visitantes durante el Mundial de futbol.<\/em><\/p>\n\n\n\n<p>El alcalde Adri\u00e1n de la Garza supervis\u00f3 esta noche el avance de los programas \u201cVialidades Regias 2026\u201d y \u201cModernizaci\u00f3n de se\u00f1ales elevadas mundialistas\u201d en la lateral de Gonzalitos y Gral. Pablo Gonz\u00e1lez (Fleteros).<\/p>\n\n\n\n<p>Acompa\u00f1ado por los secretarios de Administraci\u00f3n, Marcelo Segovia; de Obras P\u00fablicas, Nazario Pineda y de Desarrollo Urbano Sostenible, Fernando Guti\u00e9rrez, recibi\u00f3 explicaci\u00f3n de las labores de ambos programas.<\/p>\n\n\n\n<p>En el punto, constat\u00f3 la rehabilitaci\u00f3n del 89 por ciento de los 90 mil metros cuadrados de pavimento que se proyect\u00f3 atender en esta zona.<\/p>\n\n\n\n<figure class=\"wp-block-image size-large\"><img loading=\"lazy\" decoding=\"async\" width=\"1024\" height=\"683\" src=\"https:\/\/diariodigitalmx.com\/wp-content\/uploads\/2026\/04\/342097-1024x683.jpg\" alt=\"\" class=\"wp-image-147227\" srcset=\"https:\/\/diariodigitalmx.com\/wp-content\/uploads\/2026\/04\/342097-1024x683.jpg 1024w, https:\/\/diariodigitalmx.com\/wp-content\/uploads\/2026\/04\/342097-300x200.jpg 300w, https:\/\/diariodigitalmx.com\/wp-content\/uploads\/2026\/04\/342097-768x512.jpg 768w, https:\/\/diariodigitalmx.com\/wp-content\/uploads\/2026\/04\/342097.jpg 1280w\" sizes=\"(max-width: 1024px) 100vw, 1024px\" \/><\/figure>\n\n\n\n<p>Pineda Osorio confirm\u00f3 que en los 48 d\u00edas de operaci\u00f3n de Vialidades Regias en este a\u00f1o se lleva un avance general de 36 por ciento.<\/p>\n\n\n\n<p>De la Garza record\u00f3 que la meta es atender 40 avenidas principales y 120 arterias al interior de las colonias.<\/p>\n\n\n\n<p>Ah\u00ed mismo, el edil verific\u00f3 la instalaci\u00f3n de un tablero informativo en una estructura tipo bandera ubicada sobre la lateral de Gonzalitos en direcci\u00f3n norte, entre la calle Mendirichaga y Fleteros.<\/p>\n\n\n\n<p>La rehabilitaci\u00f3n y modernizaci\u00f3n de se\u00f1ales elevadas en esta v\u00eda forma parte de la estrategia de Monterrey en preparaci\u00f3n para el Mundial de Futbol 2026.<\/p>\n\n\n\n<p>Este proyecto tiene como objetivo mejorar la seguridad vial, optimizar la circulaci\u00f3n de los usuarios y facilitar la orientaci\u00f3n de turistas.<\/p>\n\n\n\n<p>El programa contempla una inversi\u00f3n total de 19 millones, destinada a la modernizaci\u00f3n de se\u00f1alizaci\u00f3n elevada en las principales avenidas del \u00e1rea metropolitana:<br>\u2022 Constituci\u00f3n<br>\u2022 Morones Prieto<br>\u2022 Eugenio Garza Sada<br>\u2022 Jos\u00e9 Eleuterio Gonz\u00e1lez (Gonzalitos)<br>\u2022 Fidel Vel\u00e1zquez<\/p>\n\n\n\n<p>Estas acciones se alinean con la Agenda 2030 para el Desarrollo Sostenible y el Segundo Decenio de Acci\u00f3n para la Seguridad Vial 2021-2030, impulsando medidas que contribuyan a la reducci\u00f3n de riesgos y a una movilidad m\u00e1s segura.<\/p>\n\n\n\n<p>El Gobierno de Monterrey reafirma su compromiso de fortalecer la infraestructura vial de la ciudad, priorizando la seguridad, la movilidad eficiente y la preparaci\u00f3n ante eventos internacionales de gran escala como la Copa FIFA 2026.<\/p>\n","protected":false},"excerpt":{"rendered":"<p>\u2022 El municipio avanza en la rehabilitaci\u00f3n de calles y avenidas y en el cambio de se\u00f1ales para mejorar la movilidad y orientaci\u00f3n a visitantes durante el Mundial de futbol. El alcalde Adri\u00e1n de la Garza supervis\u00f3 esta noche el avance de los programas \u201cVialidades Regias 2026\u201d y \u201cModernizaci\u00f3n de se\u00f1ales elevadas mundialistas\u201d en la [&hellip;]<\/p>\n","protected":false},"author":1,"featured_media":147225,"comment_status":"open","ping_status":"open","sticky":true,"template":"","format":"standard","meta":{"footnotes":""},"categories":[6],"tags":[],"_links":{"self":[{"href":"https:\/\/diariodigitalmx.com\/index.php\/wp-json\/wp\/v2\/posts\/147223"}],"collection":[{"href":"https:\/\/diariodigitalmx.com\/index.php\/wp-json\/wp\/v2\/posts"}],"about":[{"href":"https:\/\/diariodigitalmx.com\/index.php\/wp-json\/wp\/v2\/types\/post"}],"author":[{"embeddable":true,"href":"https:\/\/diariodigitalmx.com\/index.php\/wp-json\/wp\/v2\/users\/1"}],"replies":[{"embeddable":true,"href":"https:\/\/diariodigitalmx.com\/index.php\/wp-json\/wp\/v2\/comments?post=147223"}],"version-history":[{"count":2,"href":"https:\/\/diariodigitalmx.com\/index.php\/wp-json\/wp\/v2\/posts\/147223\/revisions"}],"predecessor-version":[{"id":147228,"href":"https:\/\/diariodigitalmx.com\/index.php\/wp-json\/wp\/v2\/posts\/147223\/revisions\/147228"}],"wp:featuredmedia":[{"embeddable":true,"href":"https:\/\/diariodigitalmx.com\/index.php\/wp-json\/wp\/v2\/media\/147225"}],"wp:attachment":[{"href":"https:\/\/diariodigitalmx.com\/index.php\/wp-json\/wp\/v2\/media?parent=147223"}],"wp:term":[{"taxonomy":"category","embeddable":true,"href":"https:\/\/diariodigitalmx.com\/index.php\/wp-json\/wp\/v2\/categories?post=147223"},{"taxonomy":"post_tag","embeddable":true,"href":"https:\/\/diariodigitalmx.com\/index.php\/wp-json\/wp\/v2\/tags?post=147223"}],"curies":[{"name":"wp","href":"https:\/\/api.w.org\/{rel}","templated":true}]}}