{"id":147247,"date":"2026-04-29T15:10:35","date_gmt":"2026-04-29T21:10:35","guid":{"rendered":"https:\/\/diariodigitalmx.com\/?p=147247"},"modified":"2026-04-29T15:14:02","modified_gmt":"2026-04-29T21:14:02","slug":"reconoce-escobedo-a-transformadores-nortenos-con-medalla-capitan-jose-de-trevino","status":"publish","type":"post","link":"https:\/\/diariodigitalmx.com\/index.php\/2026\/04\/29\/reconoce-escobedo-a-transformadores-nortenos-con-medalla-capitan-jose-de-trevino\/","title":{"rendered":"Reconoce Escobedo a transformadores norte\u00f1os con Medalla Capit\u00e1n Jos\u00e9 de Trevi\u00f1o"},"content":{"rendered":"\n<figure class=\"wp-block-image size-full\"><img loading=\"lazy\" decoding=\"async\" width=\"913\" height=\"588\" src=\"https:\/\/diariodigitalmx.com\/wp-content\/uploads\/2026\/04\/342568.jpg\" alt=\"\" class=\"wp-image-147250\" srcset=\"https:\/\/diariodigitalmx.com\/wp-content\/uploads\/2026\/04\/342568.jpg 913w, https:\/\/diariodigitalmx.com\/wp-content\/uploads\/2026\/04\/342568-300x193.jpg 300w, https:\/\/diariodigitalmx.com\/wp-content\/uploads\/2026\/04\/342568-768x495.jpg 768w\" sizes=\"(max-width: 913px) 100vw, 913px\" \/><\/figure>\n\n\n\n<p>La Capital de la Transformaci\u00f3n reconoci\u00f3 este mi\u00e9rcoles a seis ciudadanos que, desde su trinchera, han demostrado ser verdaderos &#8220;transformadoras y transformadores norte\u00f1os&#8221; que con sus acciones han logrado un cambio positivo en las comunidades de Escobedo y de todo Nuevo Le\u00f3n.<br>En una ceremonia realizada en el Teatro Digital Fidel Vel\u00e1zquez, el Alcalde Andr\u00e9s Mijes entreg\u00f3 la Presea al M\u00e9rito C\u00edvico Capit\u00e1n Jos\u00e9 de Trevi\u00f1o en su edici\u00f3n 2026 a personas que se han distinguido por su car\u00e1cter, cultura del trabajo y \u201calma de acero\u201d.<\/p>\n\n\n\n<figure class=\"wp-block-image size-large\"><img loading=\"lazy\" decoding=\"async\" width=\"1024\" height=\"810\" src=\"https:\/\/diariodigitalmx.com\/wp-content\/uploads\/2026\/04\/342567-1024x810.jpg\" alt=\"\" class=\"wp-image-147252\" srcset=\"https:\/\/diariodigitalmx.com\/wp-content\/uploads\/2026\/04\/342567-1024x810.jpg 1024w, https:\/\/diariodigitalmx.com\/wp-content\/uploads\/2026\/04\/342567-300x237.jpg 300w, https:\/\/diariodigitalmx.com\/wp-content\/uploads\/2026\/04\/342567-768x607.jpg 768w, https:\/\/diariodigitalmx.com\/wp-content\/uploads\/2026\/04\/342567.jpg 1079w\" sizes=\"(max-width: 1024px) 100vw, 1024px\" \/><\/figure>\n\n\n\n<p>Durante su mensaje, el Edil destac\u00f3 que en la 4T Norte\u00f1a se impulsa a quienes aportan su \u201cdiezmo ciudadano\u201d a la comunidad, y cuyos valores est\u00e1n alineados con los principios del Plan M\u00e9xico promovido por la Presidenta Claudia Sheinbaum.<br>\u201cPor eso, hoy reconocemos a una generaci\u00f3n de distinguidos norte\u00f1as y norte\u00f1os. Una generaci\u00f3n que entiende que crecer es avanzar y tambi\u00e9n compartir. Entiende que el \u00e9xito se construye con disciplina, con identidad y con responsabilidad\u201d, expres\u00f3 el Edil.<br>A\u00f1adi\u00f3 que el verdadero desarrollo no solo se mide por lo que se produce, sino por lo que se es y lo que se comparte, destacando que la 4T Norte\u00f1a es leal al crecimiento con justicia como eje de transformaci\u00f3n.<br>Asimismo, se\u00f1al\u00f3 que esta visi\u00f3n promueve una econom\u00eda fuerte pero humana, con un crecimiento compartido basado en el llamado \u201cDiezmo Ciudadano del Capitalismo Social Norte\u00f1o\u201d, recordando el legado de Don Luis Santos de la Garza.<\/p>\n\n\n\n<figure class=\"wp-block-gallery has-nested-images columns-default is-cropped wp-block-gallery-1 is-layout-flex wp-block-gallery-is-layout-flex\">\n<figure class=\"wp-block-image size-large\"><img loading=\"lazy\" decoding=\"async\" width=\"1024\" height=\"650\" data-id=\"147253\" src=\"https:\/\/diariodigitalmx.com\/wp-content\/uploads\/2026\/04\/342566-1024x650.jpg\" alt=\"\" class=\"wp-image-147253\" srcset=\"https:\/\/diariodigitalmx.com\/wp-content\/uploads\/2026\/04\/342566-1024x650.jpg 1024w, https:\/\/diariodigitalmx.com\/wp-content\/uploads\/2026\/04\/342566-300x190.jpg 300w, https:\/\/diariodigitalmx.com\/wp-content\/uploads\/2026\/04\/342566-768x487.jpg 768w, https:\/\/diariodigitalmx.com\/wp-content\/uploads\/2026\/04\/342566.jpg 1280w\" sizes=\"(max-width: 1024px) 100vw, 1024px\" \/><\/figure>\n\n\n\n<figure class=\"wp-block-image size-large\"><img loading=\"lazy\" decoding=\"async\" width=\"1024\" height=\"707\" data-id=\"147255\" src=\"https:\/\/diariodigitalmx.com\/wp-content\/uploads\/2026\/04\/342565-1024x707.jpg\" alt=\"\" class=\"wp-image-147255\" srcset=\"https:\/\/diariodigitalmx.com\/wp-content\/uploads\/2026\/04\/342565-1024x707.jpg 1024w, https:\/\/diariodigitalmx.com\/wp-content\/uploads\/2026\/04\/342565-300x207.jpg 300w, https:\/\/diariodigitalmx.com\/wp-content\/uploads\/2026\/04\/342565-768x530.jpg 768w, https:\/\/diariodigitalmx.com\/wp-content\/uploads\/2026\/04\/342565.jpg 1236w\" sizes=\"(max-width: 1024px) 100vw, 1024px\" \/><\/figure>\n\n\n\n<figure class=\"wp-block-image size-large\"><img loading=\"lazy\" decoding=\"async\" width=\"1024\" height=\"682\" data-id=\"147254\" src=\"https:\/\/diariodigitalmx.com\/wp-content\/uploads\/2026\/04\/342564-1024x682.jpg\" alt=\"\" class=\"wp-image-147254\" srcset=\"https:\/\/diariodigitalmx.com\/wp-content\/uploads\/2026\/04\/342564-1024x682.jpg 1024w, https:\/\/diariodigitalmx.com\/wp-content\/uploads\/2026\/04\/342564-300x200.jpg 300w, https:\/\/diariodigitalmx.com\/wp-content\/uploads\/2026\/04\/342564-768x512.jpg 768w, https:\/\/diariodigitalmx.com\/wp-content\/uploads\/2026\/04\/342564.jpg 1280w\" sizes=\"(max-width: 1024px) 100vw, 1024px\" \/><\/figure>\n<\/figure>\n\n\n\n<p>\u201cTransformadoras y transformadores que hoy toman el legado de los fundadores y lo llevan y llevar\u00e1n al siguiente nivel, los invito a que unidos sigamos construyendo ese Nuevo Le\u00f3n que nos define. Un Nuevo Le\u00f3n fuerte, trabajador y con alma de acero. Un Nuevo Le\u00f3n donde el esfuerzo s\u00ed se reconoce, ese Nuevo Le\u00f3n que no se conforma ni improvisa\u201d, puntualiz\u00f3.<br>En esta edici\u00f3n, en la categor\u00eda de Deportes se reconoci\u00f3 a la joven Nicole Monserrath Escobar Carrillo por ser ejemplo de constancia, recientemente fue campeona mundial en Muay Thai y llev\u00f3 el nombre de Escobedo a escena internacional.<br>En el \u00e1rea de Docencia fue galardonada Ver\u00f3nica Narv\u00e1ez Flores, con 25 a\u00f1os de experiencia en educaci\u00f3n inclusiva y atenci\u00f3n a la diversidad.<\/p>\n\n\n\n\n\n<p>En la categor\u00eda de Humanismo fue reconocido Carlos Medina Rom\u00e1n \u201cEl Chori\u201d, por su trayectoria de m\u00e1s de 50 a\u00f1os promoviendo el f\u00fatbol y la actividad f\u00edsica comunitaria.<br>En Juventud, fue distinguida Ania Aurora Trevi\u00f1o Ch\u00e1vez por su liderazgo social y trabajo con sectores vulnerables.<br>Asimismo, Juan de Dios Yerena fue reconocido en la categor\u00eda de Profesiones Independientes por su impacto positivo en la econom\u00eda local y su ejemplo como emprendedor.<br>Y por su parte, Emilio Machuca Vega recibi\u00f3 el reconocimiento en la categor\u00eda de Educaci\u00f3n, gracias a su contribuci\u00f3n a la historia de la ciudad.<br>La entrega de la presea se realiz\u00f3 en el marco del 422 aniversario de la fundaci\u00f3n de General Escobedo y como parte de los festejos por el Bicentenario del Natalicio del H\u00e9roe Nacional Mariano Escobedo.<br>Finalmente, el Alcalde felicit\u00f3 a las y los galardonados y reiter\u00f3 que en Escobedo es posible consolidar un crecimiento econ\u00f3mico firme con humanismo social, impulsando la prosperidad compartida.<\/p>\n","protected":false},"excerpt":{"rendered":"<p>La Capital de la Transformaci\u00f3n reconoci\u00f3 este mi\u00e9rcoles a seis ciudadanos que, desde su trinchera, han demostrado ser verdaderos &#8220;transformadoras y transformadores norte\u00f1os&#8221; que con sus acciones han logrado un cambio positivo en las comunidades de Escobedo y de todo Nuevo Le\u00f3n.En una ceremonia realizada en el Teatro Digital Fidel Vel\u00e1zquez, el Alcalde Andr\u00e9s Mijes [&hellip;]<\/p>\n","protected":false},"author":1,"featured_media":147249,"comment_status":"open","ping_status":"open","sticky":true,"template":"","format":"standard","meta":{"footnotes":""},"categories":[6],"tags":[],"_links":{"self":[{"href":"https:\/\/diariodigitalmx.com\/index.php\/wp-json\/wp\/v2\/posts\/147247"}],"collection":[{"href":"https:\/\/diariodigitalmx.com\/index.php\/wp-json\/wp\/v2\/posts"}],"about":[{"href":"https:\/\/diariodigitalmx.com\/index.php\/wp-json\/wp\/v2\/types\/post"}],"author":[{"embeddable":true,"href":"https:\/\/diariodigitalmx.com\/index.php\/wp-json\/wp\/v2\/users\/1"}],"replies":[{"embeddable":true,"href":"https:\/\/diariodigitalmx.com\/index.php\/wp-json\/wp\/v2\/comments?post=147247"}],"version-history":[{"count":3,"href":"https:\/\/diariodigitalmx.com\/index.php\/wp-json\/wp\/v2\/posts\/147247\/revisions"}],"predecessor-version":[{"id":147257,"href":"https:\/\/diariodigitalmx.com\/index.php\/wp-json\/wp\/v2\/posts\/147247\/revisions\/147257"}],"wp:featuredmedia":[{"embeddable":true,"href":"https:\/\/diariodigitalmx.com\/index.php\/wp-json\/wp\/v2\/media\/147249"}],"wp:attachment":[{"href":"https:\/\/diariodigitalmx.com\/index.php\/wp-json\/wp\/v2\/media?parent=147247"}],"wp:term":[{"taxonomy":"category","embeddable":true,"href":"https:\/\/diariodigitalmx.com\/index.php\/wp-json\/wp\/v2\/categories?post=147247"},{"taxonomy":"post_tag","embeddable":true,"href":"https:\/\/diariodigitalmx.com\/index.php\/wp-json\/wp\/v2\/tags?post=147247"}],"curies":[{"name":"wp","href":"https:\/\/api.w.org\/{rel}","templated":true}]}}