{"id":147264,"date":"2026-04-29T21:27:14","date_gmt":"2026-04-30T03:27:14","guid":{"rendered":"https:\/\/diariodigitalmx.com\/?p=147264"},"modified":"2026-04-29T21:29:07","modified_gmt":"2026-04-30T03:29:07","slug":"suministrara-monterrey-agua-a-colonias-que-carecen-del-servicio","status":"publish","type":"post","link":"https:\/\/diariodigitalmx.com\/index.php\/2026\/04\/29\/suministrara-monterrey-agua-a-colonias-que-carecen-del-servicio\/","title":{"rendered":"Suministrar\u00e1 Monterrey agua a colonias que carecen del servicio"},"content":{"rendered":"\n<figure class=\"wp-block-image size-large\"><img loading=\"lazy\" decoding=\"async\" width=\"1024\" height=\"683\" src=\"https:\/\/diariodigitalmx.com\/wp-content\/uploads\/2026\/04\/343069-1024x683.jpg\" alt=\"\" class=\"wp-image-147268\" srcset=\"https:\/\/diariodigitalmx.com\/wp-content\/uploads\/2026\/04\/343069-1024x683.jpg 1024w, https:\/\/diariodigitalmx.com\/wp-content\/uploads\/2026\/04\/343069-300x200.jpg 300w, https:\/\/diariodigitalmx.com\/wp-content\/uploads\/2026\/04\/343069-768x512.jpg 768w, https:\/\/diariodigitalmx.com\/wp-content\/uploads\/2026\/04\/343069.jpg 1280w\" sizes=\"(max-width: 1024px) 100vw, 1024px\" \/><\/figure>\n\n\n\n<p>\u2022 <em>Cientos de familias de la zona norte de la ciudad padecen el desabasto desde hace m\u00e1s de 36 horas<\/em><\/p>\n\n\n\n<p>Por instrucciones del alcalde Adri\u00e1n de la Garza, las secretar\u00edas de Participaci\u00f3n Ciudadana y Servicios P\u00fablicos, emprender\u00e1n una jornada de apoyo a la zona norte de Monterrey para dotar de agua a las familias que se quedaron sin el servicio.<\/p>\n\n\n\n<p>Debido a trabajos de mantenimiento en la red, la paraestatal Agua y Drenaje de Monterrey suspendi\u00f3 el abasto en al menos 40 colonias del sector, afectando principalmente a habitantes de esta capital.<\/p>\n\n\n\n<p>Los reportes de la falta del vital l\u00edquido comenzaron muy temprano el martes 28, sin que las familias tuvieran oportunidad de apartar agua para las necesidades m\u00e1s b\u00e1sicas.<\/p>\n\n\n\n<p>Ante esta carencia, el mun\u00edcipe enviar\u00e1 las 10 pipas con que cuenta el municipio para abastecer a la mayor cantidad de poblaci\u00f3n posible.<\/p>\n\n\n\n<figure class=\"wp-block-image size-large\"><img loading=\"lazy\" decoding=\"async\" width=\"1024\" height=\"576\" src=\"https:\/\/diariodigitalmx.com\/wp-content\/uploads\/2026\/04\/343067-1024x576.jpg\" alt=\"\" class=\"wp-image-147269\" srcset=\"https:\/\/diariodigitalmx.com\/wp-content\/uploads\/2026\/04\/343067-1024x576.jpg 1024w, https:\/\/diariodigitalmx.com\/wp-content\/uploads\/2026\/04\/343067-300x169.jpg 300w, https:\/\/diariodigitalmx.com\/wp-content\/uploads\/2026\/04\/343067-768x432.jpg 768w, https:\/\/diariodigitalmx.com\/wp-content\/uploads\/2026\/04\/343067-1536x864.jpg 1536w, https:\/\/diariodigitalmx.com\/wp-content\/uploads\/2026\/04\/343067.jpg 1600w\" sizes=\"(max-width: 1024px) 100vw, 1024px\" \/><\/figure>\n\n\n\n<p>De la Garza pidi\u00f3 a la comunidad que soliciten el apoyo a trav\u00e9s de las redes sociales de la ciudad.<\/p>\n\n\n\n<p>Ofreci\u00f3 llevar las pipas a distintos puntos que se estar\u00e1n anunciando a los vecinos y dar\u00e1n las vueltas que sean necesarias para atender las necesidades de la mayor cantidad de gente.<\/p>\n\n\n\n<p>Tambi\u00e9n coment\u00f3 que estar\u00e1 al pendiente de las labores de Agua y Drenaje para que se reanude el abasto a la brevedad.<\/p>\n\n\n\n<figure class=\"wp-block-image size-large\"><img loading=\"lazy\" decoding=\"async\" width=\"1024\" height=\"576\" src=\"https:\/\/diariodigitalmx.com\/wp-content\/uploads\/2026\/04\/343063-1024x576.jpg\" alt=\"\" class=\"wp-image-147270\" srcset=\"https:\/\/diariodigitalmx.com\/wp-content\/uploads\/2026\/04\/343063-1024x576.jpg 1024w, https:\/\/diariodigitalmx.com\/wp-content\/uploads\/2026\/04\/343063-300x169.jpg 300w, https:\/\/diariodigitalmx.com\/wp-content\/uploads\/2026\/04\/343063-768x432.jpg 768w, https:\/\/diariodigitalmx.com\/wp-content\/uploads\/2026\/04\/343063-1536x864.jpg 1536w, https:\/\/diariodigitalmx.com\/wp-content\/uploads\/2026\/04\/343063.jpg 1600w\" sizes=\"(max-width: 1024px) 100vw, 1024px\" \/><\/figure>\n\n\n\n<p>\u201cHe dispuesto a mi equipo que entre en contacto con Agua y Drenaje del Estado de Nuevo Le\u00f3n para que se pueda restablecer el servicio lo antes posible; mientras ellos pueden lograr resolver esta situaci\u00f3n, he dispuesto que pipas del municipio de Monterrey est\u00e9n abasteciendo y auxiliando a la gente de estos sectores\u201d, inform\u00f3.<\/p>\n\n\n\n<p>\u201cEstar\u00e9 atento hasta que se resuelva de forma definitiva esta situaci\u00f3n\u201d, agreg\u00f3 el edil.<\/p>\n\n\n\n<p>Desde la ma\u00f1ana de este mi\u00e9rcoles se ha acercado agua no potable a colonias como Topo Chico, los Barrios Estrella, del Parque y Santa Isabel, por mencionar algunos.<\/p>\n","protected":false},"excerpt":{"rendered":"<p>\u2022 Cientos de familias de la zona norte de la ciudad padecen el desabasto desde hace m\u00e1s de 36 horas Por instrucciones del alcalde Adri\u00e1n de la Garza, las secretar\u00edas de Participaci\u00f3n Ciudadana y Servicios P\u00fablicos, emprender\u00e1n una jornada de apoyo a la zona norte de Monterrey para dotar de agua a las familias que [&hellip;]<\/p>\n","protected":false},"author":1,"featured_media":147266,"comment_status":"open","ping_status":"open","sticky":true,"template":"","format":"standard","meta":{"footnotes":""},"categories":[6,3],"tags":[],"_links":{"self":[{"href":"https:\/\/diariodigitalmx.com\/index.php\/wp-json\/wp\/v2\/posts\/147264"}],"collection":[{"href":"https:\/\/diariodigitalmx.com\/index.php\/wp-json\/wp\/v2\/posts"}],"about":[{"href":"https:\/\/diariodigitalmx.com\/index.php\/wp-json\/wp\/v2\/types\/post"}],"author":[{"embeddable":true,"href":"https:\/\/diariodigitalmx.com\/index.php\/wp-json\/wp\/v2\/users\/1"}],"replies":[{"embeddable":true,"href":"https:\/\/diariodigitalmx.com\/index.php\/wp-json\/wp\/v2\/comments?post=147264"}],"version-history":[{"count":2,"href":"https:\/\/diariodigitalmx.com\/index.php\/wp-json\/wp\/v2\/posts\/147264\/revisions"}],"predecessor-version":[{"id":147271,"href":"https:\/\/diariodigitalmx.com\/index.php\/wp-json\/wp\/v2\/posts\/147264\/revisions\/147271"}],"wp:featuredmedia":[{"embeddable":true,"href":"https:\/\/diariodigitalmx.com\/index.php\/wp-json\/wp\/v2\/media\/147266"}],"wp:attachment":[{"href":"https:\/\/diariodigitalmx.com\/index.php\/wp-json\/wp\/v2\/media?parent=147264"}],"wp:term":[{"taxonomy":"category","embeddable":true,"href":"https:\/\/diariodigitalmx.com\/index.php\/wp-json\/wp\/v2\/categories?post=147264"},{"taxonomy":"post_tag","embeddable":true,"href":"https:\/\/diariodigitalmx.com\/index.php\/wp-json\/wp\/v2\/tags?post=147264"}],"curies":[{"name":"wp","href":"https:\/\/api.w.org\/{rel}","templated":true}]}}